{"id":63919,"date":"2025-02-17T16:31:28","date_gmt":"2025-02-17T15:31:28","guid":{"rendered":"https:\/\/www.o-p-i.fr\/parlonsen\/?p=63919"},"modified":"2025-02-27T13:06:09","modified_gmt":"2025-02-27T12:06:09","slug":"puces-des-couturieres-a-leojac-82-3","status":"publish","type":"post","link":"https:\/\/www.o-p-i.fr\/parlonsen\/localisation\/au-pays-des-tescous\/leojac\/puces-des-couturieres-a-leojac-82-3\/","title":{"rendered":"\u00ab\u00a0Puces des couturi\u00e8res\u00a0\u00bb&#8230; \u00e0 L\u00e9ojac (82)"},"content":{"rendered":"<p><strong>Dimanche 2 mars 2025<\/strong>, de 9h.30 \u00e0 17h.30, \u00e0 la salle des f\u00eates de L\u00e9ojac. <!--more--><\/p>\n<p>L&rsquo;association, L\u00e9ojac La Malice des Aiguilles, organise des \u00ab\u00a0Puces des couturi\u00e8res\u00a0\u00bb le dimanche 2 mars 2025 \u00e0 la salle des f\u00eates de L\u00e9ojac, de 9h30 \u00e0 17h30. Vous trouverez aux puces des couturi\u00e8res tout ce qui est li\u00e9 \u00e0 la couture, au patch, au tricot, au crochet, \u00e0 la broderie (tissu, fil, canevas, bobine, et tout les accessoires). Restauration sur place. Venez nombreux.<\/p>\n<p><img data-recalc-dims=\"1\" loading=\"lazy\" decoding=\"async\" class=\"aligncenter size-full wp-image-63920\" src=\"https:\/\/i0.wp.com\/www.o-p-i.fr\/parlonsen\/wp-content\/uploads\/couturiere.jpg?resize=624%2C879&#038;ssl=1\" alt=\"\" width=\"624\" height=\"879\" srcset=\"https:\/\/i0.wp.com\/www.o-p-i.fr\/parlonsen\/wp-content\/uploads\/couturiere.jpg?w=624&amp;ssl=1 624w, https:\/\/i0.wp.com\/www.o-p-i.fr\/parlonsen\/wp-content\/uploads\/couturiere.jpg?resize=213%2C300&amp;ssl=1 213w\" sizes=\"auto, (max-width: 624px) 100vw, 624px\" \/><\/p>\n<p><em>Information communiqu\u00e9e par \u00a0Anne Marie DANIS\u00a0<\/em><\/p>\n<p><a href=\"http:\/\/www.o-p-i.fr\/parlonsen\/agenda\/\">Retrouvez tous les \u00e9v\u00e9nements dans l&rsquo;agenda !<\/a><\/p>\n","protected":false},"excerpt":{"rendered":"<div class=\"mh-excerpt\">Dimanche 2 mars 2025, de 9h.30 \u00e0 17h.30, \u00e0 la salle des f\u00eates de L\u00e9ojac.<\/div>\n","protected":false},"author":4,"featured_media":35114,"comment_status":"open","ping_status":"open","sticky":false,"template":"","format":"standard","meta":{"om_disable_all_campaigns":false,"advanced_seo_description":"","jetpack_seo_html_title":"","jetpack_seo_noindex":false,"_jetpack_memberships_contains_paid_content":false,"footnotes":"","_links_to":"","_links_to_target":""},"categories":[52,30,54,6298],"tags":[2553,5189,6339],"class_list":{"0":"post-63919","1":"post","2":"type-post","3":"status-publish","4":"format-standard","5":"has-post-thumbnail","7":"category-parlons-en","8":"category-leojac","9":"category-loisirs","10":"category-n-228-mars-2025","11":"tag-leojac","12":"tag-puce-des-couturieres","13":"tag-s0925"},"jetpack_featured_media_url":"https:\/\/i0.wp.com\/www.o-p-i.fr\/parlonsen\/wp-content\/uploads\/L%C3%A9ojac.jpg?fit=425%2C332&ssl=1","views":"","jetpack_likes_enabled":true,"jetpack_sharing_enabled":true,"jetpack_shortlink":"https:\/\/wp.me\/pg7Wxj-gCX","jetpack-related-posts":[],"_links":{"self":[{"href":"https:\/\/www.o-p-i.fr\/parlonsen\/wp-json\/wp\/v2\/posts\/63919","targetHints":{"allow":["GET"]}}],"collection":[{"href":"https:\/\/www.o-p-i.fr\/parlonsen\/wp-json\/wp\/v2\/posts"}],"about":[{"href":"https:\/\/www.o-p-i.fr\/parlonsen\/wp-json\/wp\/v2\/types\/post"}],"author":[{"embeddable":true,"href":"https:\/\/www.o-p-i.fr\/parlonsen\/wp-json\/wp\/v2\/users\/4"}],"replies":[{"embeddable":true,"href":"https:\/\/www.o-p-i.fr\/parlonsen\/wp-json\/wp\/v2\/comments?post=63919"}],"version-history":[{"count":0,"href":"https:\/\/www.o-p-i.fr\/parlonsen\/wp-json\/wp\/v2\/posts\/63919\/revisions"}],"wp:featuredmedia":[{"embeddable":true,"href":"https:\/\/www.o-p-i.fr\/parlonsen\/wp-json\/wp\/v2\/media\/35114"}],"wp:attachment":[{"href":"https:\/\/www.o-p-i.fr\/parlonsen\/wp-json\/wp\/v2\/media?parent=63919"}],"wp:term":[{"taxonomy":"category","embeddable":true,"href":"https:\/\/www.o-p-i.fr\/parlonsen\/wp-json\/wp\/v2\/categories?post=63919"},{"taxonomy":"post_tag","embeddable":true,"href":"https:\/\/www.o-p-i.fr\/parlonsen\/wp-json\/wp\/v2\/tags?post=63919"}],"curies":[{"name":"wp","href":"https:\/\/api.w.org\/{rel}","templated":true}]}}