{"id":63944,"date":"2025-02-20T00:16:13","date_gmt":"2025-02-19T23:16:13","guid":{"rendered":"https:\/\/www.o-p-i.fr\/parlonsen\/?p=63944"},"modified":"2025-02-20T00:16:14","modified_gmt":"2025-02-19T23:16:14","slug":"cine-monclar-la-mer-au-loin","status":"publish","type":"post","link":"https:\/\/www.o-p-i.fr\/parlonsen\/localisation\/au-pays-des-tescous\/monclar\/cine-monclar-la-mer-au-loin\/","title":{"rendered":"Cin\u00e9 Monclar &#8211; La mer au loin"},"content":{"rendered":"<div id=\"pl-63944\"  class=\"panel-layout\" ><div id=\"pg-63944-0\"  class=\"panel-grid panel-no-style\" ><div id=\"pgc-63944-0-0\"  class=\"panel-grid-cell\" ><div id=\"panel-63944-0-0-0\" class=\"so-panel widget widget_sow-editor panel-first-child widgetopts-SO\" data-index=\"0\" ><div\n\t\t\t\n\t\t\tclass=\"so-widget-sow-editor so-widget-sow-editor-base\"\n\t\t\t\n\t\t>\n<div class=\"siteorigin-widget-tinymce textwidget\">\n\t<p><strong>Dimanche 23 f\u00e9vrier 2025 \u00e0 <\/strong>17h<\/p>\n<p>La mer au loin<\/p>\n<p><a href=\"https:\/\/www.allocine.fr\/video\/player_gen_cmedia=20613782&amp;cfilm=317096.html\" target=\"_blank\" rel=\"noopener\"><em>Pour voir la bande annonce, cliq<\/em><em>u<\/em><em>ez ici<\/em><\/a><\/p>\n<\/div>\n<\/div><\/div><div id=\"panel-63944-0-0-1\" class=\"so-panel widget widget_sow-video widgetopts-SO\" data-index=\"1\" ><div\n\t\t\t\n\t\t\tclass=\"so-widget-sow-video so-widget-sow-video-default-c08170c47cfb-63944\"\n\t\t\t\n\t\t><h3 class=\"widget-title\">Bande annonce<\/h3>\n<div class=\"sow-video-wrapper\n\">\n\t\t\t\t<\/div>\n<\/div><\/div><div id=\"panel-63944-0-0-2\" class=\"so-panel widget widget_sow-editor panel-last-child widgetopts-SO\" data-index=\"2\" ><div\n\t\t\t\n\t\t\tclass=\"so-widget-sow-editor so-widget-sow-editor-base\"\n\t\t\t\n\t\t>\n<div class=\"siteorigin-widget-tinymce textwidget\">\n\t<p><strong>Pour voir le programme illustr\u00e9 n\u00b0 143, cliquez\u00a0\u00a0<a href=\"https:\/\/www.o-p-i.fr\/parlonsen\/wp-content\/uploads\/A4-143-OK.pdf\" target=\"_blank\" rel=\"noopener\">ICI<\/a><\/strong><\/p>\n<p><em>Information communiqu\u00e9e par Guy ROUMAGNAC<\/em><\/p>\n<div class=\"card\" style=\"width:350px\">\n<div class=\"card-body\">\n<h3 class=\"card-title text-center bg-light\">Fiche Annuaire<\/h3>\n<p><a href=\"https:\/\/www.o-p-i.fr\/aupays\/annuaire\/loisirs\/cine-monclar\/\" target=\"_blank\" rel=\"noopener\"><br \/>\n  <img data-recalc-dims=\"1\" decoding=\"async\" class=\"card-img\" src=\"https:\/\/i0.wp.com\/www.o-p-i.fr\/aupays\/wp-content\/uploads\/Cin%C3%A9Monclar.jpg?ssl=1\" alt=\"Cin\u00e9 Monclar\"\/><\/a><\/p>\n<p class=\"card-text\">Place des Capitouls,<br \/>\n82230 <a href=\"https:\/\/www.o-p-i.fr\/aupays\/monclar-de-quercy-82230\/\" target=\"_blank\" rel=\"noopener\">Monclar-de-Quercy<\/a><\/p>\n<p><a href=\"https:\/\/www.o-p-i.fr\/aupays\/annuaire\/loisirs\/cine-monclar\/\" target=\"_blank\" rel=\"noopener\" class=\"btn btn-primary\">Cin\u00e9ma Monclar de Quercy <i class=\"fa-solid fa-arrow-up-right-from-square\"><\/i><\/a><\/p><\/div>\n<\/div>\n<\/div>\n<\/div><\/div><\/div><\/div><\/div>","protected":false},"excerpt":{"rendered":"<div class=\"mh-excerpt\">Dimanche 23 f\u00e9vrier 2025 \u00e0 17h La mer au loin Pour voir la bande annonce, cliquez ici Pour voir le programme illustr\u00e9 n\u00b0 143, cliquez\u00a0\u00a0ICI Information communiqu\u00e9e par Guy ROUMAGNAC Fiche Annuaire Place des Capitouls, <a class=\"mh-excerpt-more\" href=\"https:\/\/www.o-p-i.fr\/parlonsen\/localisation\/au-pays-des-tescous\/monclar\/cine-monclar-la-mer-au-loin\/\" title=\"Cin\u00e9 Monclar &#8211; La mer au loin\">[&#8230;]<\/a><\/div>\n","protected":false},"author":9,"featured_media":62094,"comment_status":"open","ping_status":"open","sticky":false,"template":"","format":"video","meta":{"om_disable_all_campaigns":false,"advanced_seo_description":"","jetpack_seo_html_title":"","jetpack_seo_noindex":false,"_jetpack_memberships_contains_paid_content":false,"footnotes":"","_links_to":"","_links_to_target":""},"categories":[52,16,6297],"tags":[2998,6337],"class_list":{"0":"post-63944","1":"post","2":"type-post","3":"status-publish","4":"format-video","5":"has-post-thumbnail","7":"category-parlons-en","8":"category-monclar","9":"category-n-227-fevrier-2025","10":"tag-cine-monclar","11":"tag-s0825","12":"post_format-post-format-video"},"jetpack_featured_media_url":"https:\/\/i0.wp.com\/www.o-p-i.fr\/parlonsen\/wp-content\/uploads\/camera-cinema.jpg?fit=225%2C225&ssl=1","views":{"total":3,"cached_at":"","cached_date":1738528338},"jetpack_likes_enabled":true,"jetpack_sharing_enabled":true,"jetpack_shortlink":"https:\/\/wp.me\/pg7Wxj-gDm","jetpack-related-posts":[],"_links":{"self":[{"href":"https:\/\/www.o-p-i.fr\/parlonsen\/wp-json\/wp\/v2\/posts\/63944","targetHints":{"allow":["GET"]}}],"collection":[{"href":"https:\/\/www.o-p-i.fr\/parlonsen\/wp-json\/wp\/v2\/posts"}],"about":[{"href":"https:\/\/www.o-p-i.fr\/parlonsen\/wp-json\/wp\/v2\/types\/post"}],"author":[{"embeddable":true,"href":"https:\/\/www.o-p-i.fr\/parlonsen\/wp-json\/wp\/v2\/users\/9"}],"replies":[{"embeddable":true,"href":"https:\/\/www.o-p-i.fr\/parlonsen\/wp-json\/wp\/v2\/comments?post=63944"}],"version-history":[{"count":0,"href":"https:\/\/www.o-p-i.fr\/parlonsen\/wp-json\/wp\/v2\/posts\/63944\/revisions"}],"wp:featuredmedia":[{"embeddable":true,"href":"https:\/\/www.o-p-i.fr\/parlonsen\/wp-json\/wp\/v2\/media\/62094"}],"wp:attachment":[{"href":"https:\/\/www.o-p-i.fr\/parlonsen\/wp-json\/wp\/v2\/media?parent=63944"}],"wp:term":[{"taxonomy":"category","embeddable":true,"href":"https:\/\/www.o-p-i.fr\/parlonsen\/wp-json\/wp\/v2\/categories?post=63944"},{"taxonomy":"post_tag","embeddable":true,"href":"https:\/\/www.o-p-i.fr\/parlonsen\/wp-json\/wp\/v2\/tags?post=63944"}],"curies":[{"name":"wp","href":"https:\/\/api.w.org\/{rel}","templated":true}]}}