{"id":63985,"date":"2025-02-20T10:49:34","date_gmt":"2025-02-20T09:49:34","guid":{"rendered":"https:\/\/www.o-p-i.fr\/parlonsen\/?p=63985"},"modified":"2025-02-27T13:35:21","modified_gmt":"2025-02-27T12:35:21","slug":"bdm-cine-debat-petite-laine-a-salvagnac-81","status":"publish","type":"post","link":"https:\/\/www.o-p-i.fr\/parlonsen\/localisation\/au-pays-des-tescous\/salvagnac\/bdm-cine-debat-petite-laine-a-salvagnac-81\/","title":{"rendered":"BDM &#8211; Cin\u00e9-d\u00e9bat : Petite Laine &#8230; \u00e0 Salvagnac (81)"},"content":{"rendered":"<p><strong>Vendredi 21 f\u00e9vrier 2025 &#8211; <\/strong>21h00<\/p>\n<p><!--more--><\/p>\n<p>Cin\u00e9-d\u00e9bat en pr\u00e9sence de la r\u00e9alisatrice<br \/>\nPETITE LAINE, un film de Catherine Lafont, co-produit par Les Zooms Verts et Le LoKal productions.<\/p>\n<p>Laines Paysannes est une jeune entreprise ari\u00e9geoise qui r\u00e9colte la laine des moutons pour fabriquer des v\u00eatements et des tapis tiss\u00e9s \u00e0 la main. Elle contribue \u00e0 faire revivre cette fili\u00e8re, autrefois importante dans la r\u00e9gion. C&rsquo;est un pari ambitieux mais les difficult\u00e9s \u00e9conomiques font r\u00e9guli\u00e8rement vaciller l&rsquo;\u00e9quilibre&#8230;<\/p>\n<p>______________________<br \/>\nINFOS PRATIQUES<br \/>\n\ud83d\udccd Caf\u00e9 Au bord du monde, Salvagnac, Tarn<br \/>\n\u20ac Participation libre pour les droits du film<br \/>\n\ud83d\udcde R\u00e9sa pour les burgers: 05 63 55 14 52<\/p>\n<p>&nbsp;<\/p>\n","protected":false},"excerpt":{"rendered":"<div class=\"mh-excerpt\">Vendredi 21 f\u00e9vrier 2025 &#8211; 21h00<\/div>\n","protected":false},"author":9,"featured_media":44336,"comment_status":"open","ping_status":"open","sticky":false,"template":"","format":"standard","meta":{"om_disable_all_campaigns":false,"advanced_seo_description":"","jetpack_seo_html_title":"","jetpack_seo_noindex":false,"_jetpack_memberships_contains_paid_content":false,"footnotes":"","_links_to":"","_links_to_target":""},"categories":[52,54,25,6297],"tags":[2548,3312,3830,6337],"class_list":{"0":"post-63985","1":"post","2":"type-post","3":"status-publish","4":"format-standard","5":"has-post-thumbnail","7":"category-parlons-en","8":"category-loisirs","9":"category-salvagnac","10":"category-n-227-fevrier-2025","11":"tag-salvagnac","12":"tag-cine-debat","13":"tag-cafe-au-bord-du-monde","14":"tag-s0825"},"jetpack_featured_media_url":"https:\/\/i0.wp.com\/www.o-p-i.fr\/parlonsen\/wp-content\/uploads\/logo-bord-du-monde.jpg?fit=198%2C198&ssl=1","views":{"total":10,"cached_at":"","cached_date":1738535001},"jetpack_likes_enabled":true,"jetpack_sharing_enabled":true,"jetpack_shortlink":"https:\/\/wp.me\/pg7Wxj-gE1","jetpack-related-posts":[],"_links":{"self":[{"href":"https:\/\/www.o-p-i.fr\/parlonsen\/wp-json\/wp\/v2\/posts\/63985","targetHints":{"allow":["GET"]}}],"collection":[{"href":"https:\/\/www.o-p-i.fr\/parlonsen\/wp-json\/wp\/v2\/posts"}],"about":[{"href":"https:\/\/www.o-p-i.fr\/parlonsen\/wp-json\/wp\/v2\/types\/post"}],"author":[{"embeddable":true,"href":"https:\/\/www.o-p-i.fr\/parlonsen\/wp-json\/wp\/v2\/users\/9"}],"replies":[{"embeddable":true,"href":"https:\/\/www.o-p-i.fr\/parlonsen\/wp-json\/wp\/v2\/comments?post=63985"}],"version-history":[{"count":0,"href":"https:\/\/www.o-p-i.fr\/parlonsen\/wp-json\/wp\/v2\/posts\/63985\/revisions"}],"wp:featuredmedia":[{"embeddable":true,"href":"https:\/\/www.o-p-i.fr\/parlonsen\/wp-json\/wp\/v2\/media\/44336"}],"wp:attachment":[{"href":"https:\/\/www.o-p-i.fr\/parlonsen\/wp-json\/wp\/v2\/media?parent=63985"}],"wp:term":[{"taxonomy":"category","embeddable":true,"href":"https:\/\/www.o-p-i.fr\/parlonsen\/wp-json\/wp\/v2\/categories?post=63985"},{"taxonomy":"post_tag","embeddable":true,"href":"https:\/\/www.o-p-i.fr\/parlonsen\/wp-json\/wp\/v2\/tags?post=63985"}],"curies":[{"name":"wp","href":"https:\/\/api.w.org\/{rel}","templated":true}]}}