{"id":64135,"date":"2025-03-05T16:53:38","date_gmt":"2025-03-05T15:53:38","guid":{"rendered":"https:\/\/www.o-p-i.fr\/parlonsen\/?p=64135"},"modified":"2025-04-03T11:34:55","modified_gmt":"2025-04-03T09:34:55","slug":"carnaval-a-monclar-de-quercy-82-3","status":"publish","type":"post","link":"https:\/\/www.o-p-i.fr\/parlonsen\/localisation\/au-pays-des-tescous\/monclar\/carnaval-a-monclar-de-quercy-82-3\/","title":{"rendered":"Carnaval &#8230;\u00e0 Monclar de Quercy (82)"},"content":{"rendered":"<p><strong>Samedi 5 avril 2025<\/strong>, \u00e0 partir de 13h.30, esplanade du lac.<!--more--><\/p>\n<p><img data-recalc-dims=\"1\" loading=\"lazy\" decoding=\"async\" class=\"aligncenter size-full wp-image-64136\" src=\"https:\/\/i0.wp.com\/www.o-p-i.fr\/parlonsen\/wp-content\/uploads\/carnaval-5.jpg?resize=624%2C883&#038;ssl=1\" alt=\"\" width=\"624\" height=\"883\" srcset=\"https:\/\/i0.wp.com\/www.o-p-i.fr\/parlonsen\/wp-content\/uploads\/carnaval-5.jpg?w=624&amp;ssl=1 624w, https:\/\/i0.wp.com\/www.o-p-i.fr\/parlonsen\/wp-content\/uploads\/carnaval-5.jpg?resize=212%2C300&amp;ssl=1 212w\" sizes=\"auto, (max-width: 624px) 100vw, 624px\" \/><br \/>\nCarnaval de Monclar de quercy<\/p>\n<p>Venez faire la f\u00eate avec nous !<br \/>\nRendez-vous \u00e0 l&rsquo;Esplanade du lac de Monclar de Quercy \u00e0 partir de 13h30 pour un d\u00e9part de d\u00e9fil\u00e9 \u00e0 14h30<br \/>\nSortez vos plus belles tenues et maquillages sur le th\u00e8me de l&rsquo;Oc\u00e9an !<\/p>\n<p>De quelle heure \u00e0 quelle heure ? ::de 13h30 \u00e0 17h<br \/>\nAdresse de l&rsquo;\u00e9v\u00e8nement<br \/>\nEsplanade du lac<br \/>\n82230 Monclar de quercy<br \/>\nOrganisation \u00e0 contacter :<br \/>\nFamilles Rurale\u00a0?<br \/>\nL&rsquo;organisateur de l&rsquo;\u00e9v\u00e8nement\u00a0 Votre courriel<br \/>\n<a href=\"mailto:alexis.levayer@famillesrurales.org\" target=\"_blank\" rel=\"noopener\">alexis.levayer@famillesrurales.org<\/a><\/p>\n","protected":false},"excerpt":{"rendered":"<div class=\"mh-excerpt\">Samedi 5 avril 2025, \u00e0 partir de 13h.30, esplanade du lac.<\/div>\n","protected":false},"author":4,"featured_media":20635,"comment_status":"open","ping_status":"open","sticky":false,"template":"","format":"standard","meta":{"om_disable_all_campaigns":false,"advanced_seo_description":"","jetpack_seo_html_title":"","jetpack_seo_noindex":false,"_jetpack_memberships_contains_paid_content":false,"footnotes":"","_links_to":"","_links_to_target":""},"categories":[52,16,54,6342],"tags":[143,2572,6357],"class_list":{"0":"post-64135","1":"post","2":"type-post","3":"status-publish","4":"format-standard","5":"has-post-thumbnail","7":"category-parlons-en","8":"category-monclar","9":"category-loisirs","10":"category-n229-avril-2025","11":"tag-monclar-de-quercy","12":"tag-carnaval","13":"tag-s1425"},"jetpack_featured_media_url":"https:\/\/i0.wp.com\/www.o-p-i.fr\/parlonsen\/wp-content\/uploads\/carnaval.jpg?fit=306%2C165&ssl=1","views":"","jetpack_likes_enabled":true,"jetpack_sharing_enabled":true,"jetpack_shortlink":"https:\/\/wp.me\/pg7Wxj-gGr","jetpack-related-posts":[],"_links":{"self":[{"href":"https:\/\/www.o-p-i.fr\/parlonsen\/wp-json\/wp\/v2\/posts\/64135","targetHints":{"allow":["GET"]}}],"collection":[{"href":"https:\/\/www.o-p-i.fr\/parlonsen\/wp-json\/wp\/v2\/posts"}],"about":[{"href":"https:\/\/www.o-p-i.fr\/parlonsen\/wp-json\/wp\/v2\/types\/post"}],"author":[{"embeddable":true,"href":"https:\/\/www.o-p-i.fr\/parlonsen\/wp-json\/wp\/v2\/users\/4"}],"replies":[{"embeddable":true,"href":"https:\/\/www.o-p-i.fr\/parlonsen\/wp-json\/wp\/v2\/comments?post=64135"}],"version-history":[{"count":0,"href":"https:\/\/www.o-p-i.fr\/parlonsen\/wp-json\/wp\/v2\/posts\/64135\/revisions"}],"wp:featuredmedia":[{"embeddable":true,"href":"https:\/\/www.o-p-i.fr\/parlonsen\/wp-json\/wp\/v2\/media\/20635"}],"wp:attachment":[{"href":"https:\/\/www.o-p-i.fr\/parlonsen\/wp-json\/wp\/v2\/media?parent=64135"}],"wp:term":[{"taxonomy":"category","embeddable":true,"href":"https:\/\/www.o-p-i.fr\/parlonsen\/wp-json\/wp\/v2\/categories?post=64135"},{"taxonomy":"post_tag","embeddable":true,"href":"https:\/\/www.o-p-i.fr\/parlonsen\/wp-json\/wp\/v2\/tags?post=64135"}],"curies":[{"name":"wp","href":"https:\/\/api.w.org\/{rel}","templated":true}]}}