{"id":64139,"date":"2025-03-06T10:55:41","date_gmt":"2025-03-06T09:55:41","guid":{"rendered":"https:\/\/www.o-p-i.fr\/parlonsen\/?p=64139"},"modified":"2025-03-06T13:26:58","modified_gmt":"2025-03-06T12:26:58","slug":"brunch-lecture-a-salvagnac-81-38","status":"publish","type":"post","link":"https:\/\/www.o-p-i.fr\/parlonsen\/localisation\/au-pays-des-tescous\/salvagnac\/brunch-lecture-a-salvagnac-81-38\/","title":{"rendered":"Brunch lecture&#8230; \u00e0 Salvagnac (81)"},"content":{"rendered":"<p><strong>Dimanche 9 mars\u00a0 2025, <\/strong>\u00e0 10h30,\u00e0 l&rsquo;Ecrin<!--more--><img data-recalc-dims=\"1\" loading=\"lazy\" decoding=\"async\" class=\"alignright wp-image-35944\" src=\"https:\/\/i0.wp.com\/www.o-p-i.fr\/parlonsen\/wp-content\/uploads\/BRUNCH.jpg?resize=450%2C243&#038;ssl=1\" alt=\"\" width=\"450\" height=\"243\" srcset=\"https:\/\/i0.wp.com\/www.o-p-i.fr\/parlonsen\/wp-content\/uploads\/BRUNCH.jpg?w=185&amp;ssl=1 185w, https:\/\/i0.wp.com\/www.o-p-i.fr\/parlonsen\/wp-content\/uploads\/BRUNCH.jpg?resize=150%2C81&amp;ssl=1 150w\" sizes=\"auto, (max-width: 450px) 100vw, 450px\" \/><\/p>\n<p>Pendant les travaux, les brunch lectures continuent<\/p>\n<p>Qu&rsquo;on se le dise, malgr\u00e9 les vicissitudes du moment nous maintenons le cap !<\/p>\n<p><strong>Rendez-vous donc ce dimanche 9 mars \u00e0 10h30,<\/strong><\/p>\n<p>Ce sera l&rsquo;Ecrin, comme d&rsquo;habitude, avec caf\u00e9, th\u00e9 et quelques douceurs !<\/p>\n<p>Nous vous attendons nombreux, pour parler livres et montrer votre soutien !<\/p>\n<p>A bient\u00f4t, l&rsquo;\u00e9quipe de b\u00e9n\u00e9voles.<\/p>\n<p><img data-recalc-dims=\"1\" loading=\"lazy\" decoding=\"async\" class=\"size-full wp-image-44445 alignleft\" src=\"https:\/\/i0.wp.com\/www.o-p-i.fr\/parlonsen\/wp-content\/uploads\/logo-bibli-Salvagnac.jpg?resize=198%2C138&#038;ssl=1\" alt=\"\" width=\"198\" height=\"138\" srcset=\"https:\/\/i0.wp.com\/www.o-p-i.fr\/parlonsen\/wp-content\/uploads\/logo-bibli-Salvagnac.jpg?w=198&amp;ssl=1 198w, https:\/\/i0.wp.com\/www.o-p-i.fr\/parlonsen\/wp-content\/uploads\/logo-bibli-Salvagnac.jpg?resize=150%2C105&amp;ssl=1 150w\" sizes=\"auto, (max-width: 198px) 100vw, 198px\" \/>Biblioth\u00e8que du Pays Salvagnacois<br \/>\n7 all\u00e9es Jean Jaur\u00e8s 81630 SALVAGNAC<br \/>\n0563405902 aux heures d&rsquo;ouverture:<br \/>\nmercredi de 10h \u00e0 12h30<br \/>\nvendredi de 17h \u00e0 19h<br \/>\ndimanche de10h \u00e0 12h30<\/p>\n<p>&nbsp;<\/p>\n<p><em>Information communiqu\u00e9e par Arlette MALLERET<\/em><\/p>\n<p><a href=\"http:\/\/www.o-p-i.fr\/parlonsen\/agenda\/\">Retrouvez tous les \u00e9v\u00e9nements dans l&rsquo;agenda !<\/a><\/p>\n","protected":false},"excerpt":{"rendered":"<div class=\"mh-excerpt\">Dimanche 9 mars\u00a0 2025, \u00e0 10h30,\u00e0 l&rsquo;Ecrin<\/div>\n","protected":false},"author":4,"featured_media":47977,"comment_status":"open","ping_status":"open","sticky":false,"template":"","format":"standard","meta":{"om_disable_all_campaigns":false,"advanced_seo_description":"","jetpack_seo_html_title":"","jetpack_seo_noindex":false,"_jetpack_memberships_contains_paid_content":false,"footnotes":"","_links_to":"","_links_to_target":""},"categories":[52,54,25,6298],"tags":[2548,3899,6344],"class_list":{"0":"post-64139","1":"post","2":"type-post","3":"status-publish","4":"format-standard","5":"has-post-thumbnail","7":"category-parlons-en","8":"category-loisirs","9":"category-salvagnac","10":"category-n-228-mars-2025","11":"tag-salvagnac","12":"tag-brunch-lecture","13":"tag-s1025"},"jetpack_featured_media_url":"https:\/\/i0.wp.com\/www.o-p-i.fr\/parlonsen\/wp-content\/uploads\/BRUNCH-1.jpg?fit=340%2C178&ssl=1","views":"","jetpack_likes_enabled":true,"jetpack_sharing_enabled":true,"jetpack_shortlink":"https:\/\/wp.me\/pg7Wxj-gGv","jetpack-related-posts":[],"_links":{"self":[{"href":"https:\/\/www.o-p-i.fr\/parlonsen\/wp-json\/wp\/v2\/posts\/64139","targetHints":{"allow":["GET"]}}],"collection":[{"href":"https:\/\/www.o-p-i.fr\/parlonsen\/wp-json\/wp\/v2\/posts"}],"about":[{"href":"https:\/\/www.o-p-i.fr\/parlonsen\/wp-json\/wp\/v2\/types\/post"}],"author":[{"embeddable":true,"href":"https:\/\/www.o-p-i.fr\/parlonsen\/wp-json\/wp\/v2\/users\/4"}],"replies":[{"embeddable":true,"href":"https:\/\/www.o-p-i.fr\/parlonsen\/wp-json\/wp\/v2\/comments?post=64139"}],"version-history":[{"count":0,"href":"https:\/\/www.o-p-i.fr\/parlonsen\/wp-json\/wp\/v2\/posts\/64139\/revisions"}],"wp:featuredmedia":[{"embeddable":true,"href":"https:\/\/www.o-p-i.fr\/parlonsen\/wp-json\/wp\/v2\/media\/47977"}],"wp:attachment":[{"href":"https:\/\/www.o-p-i.fr\/parlonsen\/wp-json\/wp\/v2\/media?parent=64139"}],"wp:term":[{"taxonomy":"category","embeddable":true,"href":"https:\/\/www.o-p-i.fr\/parlonsen\/wp-json\/wp\/v2\/categories?post=64139"},{"taxonomy":"post_tag","embeddable":true,"href":"https:\/\/www.o-p-i.fr\/parlonsen\/wp-json\/wp\/v2\/tags?post=64139"}],"curies":[{"name":"wp","href":"https:\/\/api.w.org\/{rel}","templated":true}]}}