{"id":6425,"date":"2011-01-25T13:34:31","date_gmt":"2011-01-25T11:34:31","guid":{"rendered":"\/parlonsen\/?p=6425"},"modified":"2011-01-25T13:35:15","modified_gmt":"2011-01-25T11:35:15","slug":"utilisation-de-la-danse-dans-le-processus-therapeutique-par-diane-jean-sloninski","status":"publish","type":"post","link":"https:\/\/www.o-p-i.fr\/parlonsen\/parlons-en\/culture\/utilisation-de-la-danse-dans-le-processus-therapeutique-par-diane-jean-sloninski\/","title":{"rendered":"Utilisation de la danse dans le processus th\u00e9rapeutique &#8230; par Diane Jean-Sloninski"},"content":{"rendered":"<p style=\"text-align: justify;\"><span style=\"color: #003366;\"><strong>Diane Jean-Sloninski<\/strong><\/span> est n\u00e9e en 1980, elle est <strong><span style=\"color: #003366;\">artiste chor\u00e9graphe et  art th\u00e9rapeute<\/span>.<\/strong> Apr\u00e8s avoir explor\u00e9 diff\u00e9rentes influences, elle se  dirige vers la danse contemporaine et la r\u00e9alisation de projets  artistiques, et en parall\u00e8le vers un dipl\u00f4me en art th\u00e9rapie. Son  objectif est de se sp\u00e9cialiser aupr\u00e8s des enfants et adolescents <!--more-->en  s\u2019ouvrant \u00e0 toutes les pathologies. La cr\u00e9ation est son moteur, elle  s\u2019affirme professionnellement et perfectionne sa danse en France et \u00e0  l\u2019\u00e9tranger. Elle suit actuellement la formation de professeur de danse  contemporaine eu CESMD \u00e0 Toulouse, elle entend en effet gr\u00e2ce \u00e0 la  p\u00e9dagogie transmettre sa richesse et diversit\u00e9 artistiques.<\/p>\n<p style=\"text-align: justify;\">\n<figure id=\"attachment_6426\" aria-describedby=\"caption-attachment-6426\" style=\"width: 240px\" class=\"wp-caption alignright\"><img data-recalc-dims=\"1\" loading=\"lazy\" decoding=\"async\" class=\"size-full wp-image-6426 \" title=\"Diane Jean-Sloninski\" src=\"https:\/\/i0.wp.com\/www.o-p-i.fr\/parlonsen\/wp-content\/uploads\/couv_danse_djs.jpg?resize=240%2C395&#038;ssl=1\" alt=\"Diane Jean-Sloninski\" width=\"240\" height=\"395\" srcset=\"https:\/\/i0.wp.com\/www.o-p-i.fr\/parlonsen\/wp-content\/uploads\/couv_danse_djs.jpg?w=400&amp;ssl=1 400w, https:\/\/i0.wp.com\/www.o-p-i.fr\/parlonsen\/wp-content\/uploads\/couv_danse_djs.jpg?resize=182%2C300&amp;ssl=1 182w\" sizes=\"auto, (max-width: 240px) 100vw, 240px\" \/><figcaption id=\"caption-attachment-6426\" class=\"wp-caption-text\">Diane Jean-Sloninski<\/figcaption><\/figure>\n<p style=\"text-align: justify;\">\n<p style=\"text-align: justify;\"><span style=\"color: #003366;\"><strong>Utilisation de la danse dans le processus th\u00e9rapeutique<\/strong><\/span><\/p>\n<p style=\"text-align: justify;\">Il s\u2019agit ici de faire partager un message d\u2019espoir : la danse dans l\u2019art th\u00e9rapie est une m\u00e9diation ouverte \u00e0 toutes les pathologies physiques et psychiatriques.<\/p>\n<p style=\"text-align: justify;\">En effet, en se projetant dans un premier temps \u00e0 travers l\u2019\u00e9tude de la danse, son histoire, ses bienfaits, la danse dans l\u2019art th\u00e9rapie appara\u00eet \u00eatre naturellement une r\u00e9ponse \u00e0 tous les maux.<\/p>\n<p style=\"text-align: justify;\">Puis une explication scientifique du processus mis en exergue permet de mieux comprendre cette m\u00e9diation.<\/p>\n<p style=\"text-align: justify;\">Enfin, une mise en application th\u00e9orique \u00e0 travers des situations r\u00e9elles permet d\u2019illustrer cette approche th\u00e9orique.<\/p>\n<p style=\"text-align: justify;\"><span style=\"color: #888888;\"><em>\u00c9ditions <a title=\"Ouvre le site dans une nouvelle fen\u00eatre\" href=\"http:\/\/www.editions-harmattan.fr\" target=\"_blank\">l&rsquo;Harmattan<\/a><\/em><\/span><\/p>\n<p style=\"text-align: justify;\"><em>Communiqu\u00e9 de Diane Jean Sloninski<\/em><\/p>\n<p style=\"text-align: justify;\">\n","protected":false},"excerpt":{"rendered":"<div class=\"mh-excerpt\">Diane Jean-Sloninski est n\u00e9e en 1980, elle est artiste chor\u00e9graphe et art th\u00e9rapeute. Apr\u00e8s avoir explor\u00e9 diff\u00e9rentes influences, elle se dirige vers la danse contemporaine et la r\u00e9alisation de projets artistiques, et en parall\u00e8le vers <a class=\"mh-excerpt-more\" href=\"https:\/\/www.o-p-i.fr\/parlonsen\/parlons-en\/culture\/utilisation-de-la-danse-dans-le-processus-therapeutique-par-diane-jean-sloninski\/\" title=\"Utilisation de la danse dans le processus th\u00e9rapeutique &#8230; par Diane Jean-Sloninski\">[&#8230;]<\/a><\/div>\n","protected":false},"author":2,"featured_media":0,"comment_status":"open","ping_status":"open","sticky":false,"template":"","format":"standard","meta":{"om_disable_all_campaigns":false,"advanced_seo_description":"","jetpack_seo_html_title":"","jetpack_seo_noindex":false,"_jetpack_memberships_contains_paid_content":false,"footnotes":"","_links_to":"","_links_to_target":""},"categories":[1,54,58,53,25,799],"tags":[424,499,821,84,200],"class_list":{"0":"post-6425","1":"post","2":"type-post","3":"status-publish","4":"format-standard","6":"category-culture","7":"category-loisirs","8":"category-sante","9":"category-sports","10":"category-salvagnac","11":"category-n-57-janvier-2011","12":"tag-livre","13":"tag-therapies-douces","14":"tag-diane-jean-sloninski","15":"tag-danse","16":"tag-art"},"jetpack_featured_media_url":"","views":{"total":0,"cached_at":"","cached_date":1738411699},"jetpack_likes_enabled":true,"jetpack_sharing_enabled":true,"jetpack_shortlink":"https:\/\/wp.me\/pg7Wxj-1FD","jetpack-related-posts":[],"_links":{"self":[{"href":"https:\/\/www.o-p-i.fr\/parlonsen\/wp-json\/wp\/v2\/posts\/6425","targetHints":{"allow":["GET"]}}],"collection":[{"href":"https:\/\/www.o-p-i.fr\/parlonsen\/wp-json\/wp\/v2\/posts"}],"about":[{"href":"https:\/\/www.o-p-i.fr\/parlonsen\/wp-json\/wp\/v2\/types\/post"}],"author":[{"embeddable":true,"href":"https:\/\/www.o-p-i.fr\/parlonsen\/wp-json\/wp\/v2\/users\/2"}],"replies":[{"embeddable":true,"href":"https:\/\/www.o-p-i.fr\/parlonsen\/wp-json\/wp\/v2\/comments?post=6425"}],"version-history":[{"count":0,"href":"https:\/\/www.o-p-i.fr\/parlonsen\/wp-json\/wp\/v2\/posts\/6425\/revisions"}],"wp:attachment":[{"href":"https:\/\/www.o-p-i.fr\/parlonsen\/wp-json\/wp\/v2\/media?parent=6425"}],"wp:term":[{"taxonomy":"category","embeddable":true,"href":"https:\/\/www.o-p-i.fr\/parlonsen\/wp-json\/wp\/v2\/categories?post=6425"},{"taxonomy":"post_tag","embeddable":true,"href":"https:\/\/www.o-p-i.fr\/parlonsen\/wp-json\/wp\/v2\/tags?post=6425"}],"curies":[{"name":"wp","href":"https:\/\/api.w.org\/{rel}","templated":true}]}}