{"id":64329,"date":"2025-03-26T18:48:09","date_gmt":"2025-03-26T17:48:09","guid":{"rendered":"https:\/\/www.o-p-i.fr\/parlonsen\/?p=64329"},"modified":"2025-03-27T13:01:34","modified_gmt":"2025-03-27T12:01:34","slug":"cine-debat-un-paese-di-resistenza-a-bressols-82","status":"publish","type":"post","link":"https:\/\/www.o-p-i.fr\/parlonsen\/parlons-en\/culture\/cine-debat-un-paese-di-resistenza-a-bressols-82\/","title":{"rendered":"Cin\u00e9 d\u00e9bat : Un paese di resistenza&#8230; \u00e0 Bressols (82)"},"content":{"rendered":"<p><strong>Vendredi 4 avril 2025<\/strong>, \u00e0 20h.30, La Muse Cin\u00e9ma<!--more--><\/p>\n<p>Cin\u00e9 D\u00c9BAT\u00a0 En pr\u00e9sence des associations CIMADE \/ AMAR \/ RESF 82<\/p>\n<p><strong>Un paese di resistenza<\/strong> : Documentaire de Catherine Catella, Shu Aiello \/ 2025 \/ France, Italie \/ 1h30<\/p>\n<p>Riace, Ce village de Calabre en Italie avait fait de l\u2019accueil des migrants son avenir pendant 20 ans. Jusqu\u2019au d\u00e9ferlement de la vague populiste qui gangrena l\u2019Europe. Apr\u00e8s des mois d\u2019une minutieuse destruction orchestr\u00e9e par Salvini, le village s\u2019\u00e9veille tout doucement d\u2019un long cauchemar.<\/p>\n<p><img data-recalc-dims=\"1\" loading=\"lazy\" decoding=\"async\" class=\"aligncenter size-full wp-image-64330\" src=\"https:\/\/i0.wp.com\/www.o-p-i.fr\/parlonsen\/wp-content\/uploads\/Resistenza.jpg?resize=624%2C178&#038;ssl=1\" alt=\"\" width=\"624\" height=\"178\" srcset=\"https:\/\/i0.wp.com\/www.o-p-i.fr\/parlonsen\/wp-content\/uploads\/Resistenza.jpg?w=624&amp;ssl=1 624w, https:\/\/i0.wp.com\/www.o-p-i.fr\/parlonsen\/wp-content\/uploads\/Resistenza.jpg?resize=300%2C86&amp;ssl=1 300w\" sizes=\"auto, (max-width: 624px) 100vw, 624px\" \/><\/p>\n<p><img data-recalc-dims=\"1\" loading=\"lazy\" decoding=\"async\" class=\"aligncenter size-full wp-image-64331\" src=\"https:\/\/i0.wp.com\/www.o-p-i.fr\/parlonsen\/wp-content\/uploads\/infocine-1.jpg?resize=624%2C137&#038;ssl=1\" alt=\"\" width=\"624\" height=\"137\" srcset=\"https:\/\/i0.wp.com\/www.o-p-i.fr\/parlonsen\/wp-content\/uploads\/infocine-1.jpg?w=624&amp;ssl=1 624w, https:\/\/i0.wp.com\/www.o-p-i.fr\/parlonsen\/wp-content\/uploads\/infocine-1.jpg?resize=300%2C66&amp;ssl=1 300w\" sizes=\"auto, (max-width: 624px) 100vw, 624px\" \/><\/p>\n<p><em>Information communiqu\u00e9e par \u00ab\u00a0Infocin\u00e9\u00a0\u00bb<\/em><\/p>\n<p><a href=\"http:\/\/www.o-p-i.fr\/parlonsen\/agenda\/\">Retrouvez tous les \u00e9v\u00e9nements dans l&rsquo;agenda !<\/a><\/p>\n","protected":false},"excerpt":{"rendered":"<div class=\"mh-excerpt\">Vendredi 4 avril 2025, \u00e0 20h.30, La Muse Cin\u00e9ma<\/div>\n","protected":false},"author":4,"featured_media":62094,"comment_status":"open","ping_status":"open","sticky":false,"template":"","format":"standard","meta":{"om_disable_all_campaigns":false,"advanced_seo_description":"","jetpack_seo_html_title":"","jetpack_seo_noindex":false,"_jetpack_memberships_contains_paid_content":false,"footnotes":"","_links_to":"","_links_to_target":""},"categories":[52,42,1,291,6342],"tags":[2040,3312,6351],"class_list":{"0":"post-64329","1":"post","2":"type-post","3":"status-publish","4":"format-standard","5":"has-post-thumbnail","7":"category-parlons-en","8":"category-a-cote-de-chez-nous","9":"category-culture","10":"category-solidarite","11":"category-n229-avril-2025","12":"tag-bressols","13":"tag-cine-debat","14":"tag-s1325"},"jetpack_featured_media_url":"https:\/\/i0.wp.com\/www.o-p-i.fr\/parlonsen\/wp-content\/uploads\/camera-cinema.jpg?fit=225%2C225&ssl=1","views":"","jetpack_likes_enabled":true,"jetpack_sharing_enabled":true,"jetpack_shortlink":"https:\/\/wp.me\/pg7Wxj-gJz","jetpack-related-posts":[],"_links":{"self":[{"href":"https:\/\/www.o-p-i.fr\/parlonsen\/wp-json\/wp\/v2\/posts\/64329","targetHints":{"allow":["GET"]}}],"collection":[{"href":"https:\/\/www.o-p-i.fr\/parlonsen\/wp-json\/wp\/v2\/posts"}],"about":[{"href":"https:\/\/www.o-p-i.fr\/parlonsen\/wp-json\/wp\/v2\/types\/post"}],"author":[{"embeddable":true,"href":"https:\/\/www.o-p-i.fr\/parlonsen\/wp-json\/wp\/v2\/users\/4"}],"replies":[{"embeddable":true,"href":"https:\/\/www.o-p-i.fr\/parlonsen\/wp-json\/wp\/v2\/comments?post=64329"}],"version-history":[{"count":0,"href":"https:\/\/www.o-p-i.fr\/parlonsen\/wp-json\/wp\/v2\/posts\/64329\/revisions"}],"wp:featuredmedia":[{"embeddable":true,"href":"https:\/\/www.o-p-i.fr\/parlonsen\/wp-json\/wp\/v2\/media\/62094"}],"wp:attachment":[{"href":"https:\/\/www.o-p-i.fr\/parlonsen\/wp-json\/wp\/v2\/media?parent=64329"}],"wp:term":[{"taxonomy":"category","embeddable":true,"href":"https:\/\/www.o-p-i.fr\/parlonsen\/wp-json\/wp\/v2\/categories?post=64329"},{"taxonomy":"post_tag","embeddable":true,"href":"https:\/\/www.o-p-i.fr\/parlonsen\/wp-json\/wp\/v2\/tags?post=64329"}],"curies":[{"name":"wp","href":"https:\/\/api.w.org\/{rel}","templated":true}]}}