{"id":64404,"date":"2025-03-28T11:26:19","date_gmt":"2025-03-28T10:26:19","guid":{"rendered":"https:\/\/www.o-p-i.fr\/parlonsen\/?p=64404"},"modified":"2025-11-12T00:39:46","modified_gmt":"2025-11-11T23:39:46","slug":"the-dansant-a-bioule-82","status":"publish","type":"post","link":"https:\/\/www.o-p-i.fr\/parlonsen\/localisation\/a-cote-de-chez-nous\/bioule\/the-dansant-a-bioule-82\/","title":{"rendered":"Th\u00e9 dansant&#8230;\u00e0 Bioule (82)"},"content":{"rendered":"<p>D<strong>imanche 27 avril\u00a0 2025<\/strong>, \u00e0 14 h \u00e0 la salle des f\u00eates. <!--more--><\/p>\n<p><img data-recalc-dims=\"1\" loading=\"lazy\" decoding=\"async\" class=\"alignright size-full wp-image-64405\" src=\"https:\/\/i0.wp.com\/www.o-p-i.fr\/parlonsen\/wp-content\/uploads\/Sylvie.jpg?resize=425%2C336&#038;ssl=1\" alt=\"\" width=\"425\" height=\"336\" srcset=\"https:\/\/i0.wp.com\/www.o-p-i.fr\/parlonsen\/wp-content\/uploads\/Sylvie.jpg?w=425&amp;ssl=1 425w, https:\/\/i0.wp.com\/www.o-p-i.fr\/parlonsen\/wp-content\/uploads\/Sylvie.jpg?resize=300%2C237&amp;ssl=1 300w\" sizes=\"auto, (max-width: 425px) 100vw, 425px\" \/>Th\u00e9 dansant<\/p>\n<p>Dimanche 27 avril \u00e0 14 h salle des f\u00eates de Bioule<\/p>\n<p>THE DANSANTavec l&rsquo;Orchestre Sykvie PULLES<\/p>\n<p>Boissons et p\u00e2tisseries servies \u00e0 l&rsquo;entracte<\/p>\n<p>De quelle heure \u00e0 quelle heure ?<br \/>\n14 h \u00e0 19 H<br \/>\nAdresse de l&rsquo;\u00e9v\u00e8nement<br \/>\nSalle des f\u00eates de BIOULE<br \/>\nTarif unique<br \/>\n11 \u20ac<br \/>\nOrganisateur de l&rsquo;\u00e9n\u00e8vement<br \/>\nAin\u00e9s de Bioule<br \/>\nPersonne \u00e0 contacter :<br \/>\nJosiane DEBEDA<br \/>\nAdresse :<br \/>\nChemin de Passil 82800 Bioule<br \/>\nT\u00e9l\u00e9phone : 06 31 61 16 43<\/p>\n<p>ASTORG Jeanine<br \/>\n<a href=\"mailto:rene.astorg@orange.fr\" target=\"_blank\" rel=\"noopener\">rene.astorg@orange.fr<\/a><\/p>\n","protected":false},"excerpt":{"rendered":"<div class=\"mh-excerpt\">Dimanche 27 avril\u00a0 2025, \u00e0 14 h \u00e0 la salle des f\u00eates.<\/div>\n","protected":false},"author":4,"featured_media":53370,"comment_status":"open","ping_status":"open","sticky":false,"template":"","format":"standard","meta":{"om_disable_all_campaigns":false,"advanced_seo_description":"","jetpack_seo_html_title":"","jetpack_seo_noindex":false,"_jetpack_memberships_contains_paid_content":false,"footnotes":"","_links_to":"","_links_to_target":""},"categories":[40,54,6342],"tags":[80,6369],"class_list":{"0":"post-64404","1":"post","2":"type-post","3":"status-publish","4":"format-standard","5":"has-post-thumbnail","7":"category-bioule","8":"category-loisirs","9":"category-n229-avril-2025","10":"tag-the-dansant","11":"tag-s1725"},"jetpack_featured_media_url":"https:\/\/i0.wp.com\/www.o-p-i.fr\/parlonsen\/wp-content\/uploads\/the-dansant-3.jpg?fit=425%2C283&ssl=1","views":"","jetpack_likes_enabled":true,"jetpack_sharing_enabled":true,"jetpack_shortlink":"https:\/\/wp.me\/pg7Wxj-gKM","jetpack-related-posts":[],"_links":{"self":[{"href":"https:\/\/www.o-p-i.fr\/parlonsen\/wp-json\/wp\/v2\/posts\/64404","targetHints":{"allow":["GET"]}}],"collection":[{"href":"https:\/\/www.o-p-i.fr\/parlonsen\/wp-json\/wp\/v2\/posts"}],"about":[{"href":"https:\/\/www.o-p-i.fr\/parlonsen\/wp-json\/wp\/v2\/types\/post"}],"author":[{"embeddable":true,"href":"https:\/\/www.o-p-i.fr\/parlonsen\/wp-json\/wp\/v2\/users\/4"}],"replies":[{"embeddable":true,"href":"https:\/\/www.o-p-i.fr\/parlonsen\/wp-json\/wp\/v2\/comments?post=64404"}],"version-history":[{"count":1,"href":"https:\/\/www.o-p-i.fr\/parlonsen\/wp-json\/wp\/v2\/posts\/64404\/revisions"}],"predecessor-version":[{"id":67496,"href":"https:\/\/www.o-p-i.fr\/parlonsen\/wp-json\/wp\/v2\/posts\/64404\/revisions\/67496"}],"wp:featuredmedia":[{"embeddable":true,"href":"https:\/\/www.o-p-i.fr\/parlonsen\/wp-json\/wp\/v2\/media\/53370"}],"wp:attachment":[{"href":"https:\/\/www.o-p-i.fr\/parlonsen\/wp-json\/wp\/v2\/media?parent=64404"}],"wp:term":[{"taxonomy":"category","embeddable":true,"href":"https:\/\/www.o-p-i.fr\/parlonsen\/wp-json\/wp\/v2\/categories?post=64404"},{"taxonomy":"post_tag","embeddable":true,"href":"https:\/\/www.o-p-i.fr\/parlonsen\/wp-json\/wp\/v2\/tags?post=64404"}],"curies":[{"name":"wp","href":"https:\/\/api.w.org\/{rel}","templated":true}]}}