{"id":64697,"date":"2025-04-23T14:46:48","date_gmt":"2025-04-23T12:46:48","guid":{"rendered":"https:\/\/www.o-p-i.fr\/parlonsen\/?p=64697"},"modified":"2025-04-24T11:15:27","modified_gmt":"2025-04-24T09:15:27","slug":"les-belles-montees-a-la-salvetat-belmontet-82-4","status":"publish","type":"post","link":"https:\/\/www.o-p-i.fr\/parlonsen\/localisation\/au-pays-des-tescous\/salvetat\/les-belles-montees-a-la-salvetat-belmontet-82-4\/","title":{"rendered":"\u00ab\u00a0Les Belles Mont\u00e9es\u00a0\u00bb&#8230; \u00e0 La Salvetat Belmontet (82)"},"content":{"rendered":"<p><strong>Programme de mai et juin 2025:<\/strong> <!--more-->La traditionnelle course de v\u00e9lo UFOLEP organis\u00e9e par le St Nauphary v\u00e9lo sport revient cette ann\u00e9e \u00e0 La Salvetat. Elle aura lieu le samedi 10 mai 2025 \u00e0 15h00.<\/p>\n<h3 style=\"text-align: center;\"><img data-recalc-dims=\"1\" loading=\"lazy\" decoding=\"async\" class=\"alignright wp-image-43605\" src=\"https:\/\/i0.wp.com\/www.o-p-i.fr\/parlonsen\/wp-content\/uploads\/randonn%C3%A9e.jpg?resize=430%2C424&#038;ssl=1\" alt=\"\" width=\"430\" height=\"424\" srcset=\"https:\/\/i0.wp.com\/www.o-p-i.fr\/parlonsen\/wp-content\/uploads\/randonn%C3%A9e.jpg?w=227&amp;ssl=1 227w, https:\/\/i0.wp.com\/www.o-p-i.fr\/parlonsen\/wp-content\/uploads\/randonn%C3%A9e.jpg?resize=150%2C148&amp;ssl=1 150w\" sizes=\"auto, (max-width: 430px) 100vw, 430px\" \/>ASSOCIATION LA BELLE MONTEE &#8211;<br \/>\nLoisirs et sports en Quercy Vert.<\/h3>\n<p><strong>PROGRAMME DES RANDONN\u00c9ES : Mai &amp; Juin 2025<\/strong><\/p>\n<p>Lieu de rendez-vous des randonn\u00e9es :<\/p>\n<p>Point de RDV : Maison des Associations (pr\u00e8s de l&rsquo;\u00e9glise) \u00e0 La Salvetat-Belmontet<\/p>\n<p>Tarif du covoiturage : 3 euros (le covoiturage est possible, mais pas obligatoire).<\/p>\n<p><strong>Horaires Rando longues jeudi et samedi :<\/strong><\/p>\n<p>Mois de mai : Rdv 13h15 pour d\u00e9part 13h30<\/p>\n<p>Mois de juin : Horaire bascul\u00e9 au matin : Rdv 8h15 pour d\u00e9part 8h30<\/p>\n<p><strong>Horaires Rando courtes jeudi :<\/strong><\/p>\n<p>Mois de Mai : Rdv 13h45 pour d\u00e9part 14h00<\/p>\n<p>Mois de Juin : Rdv 8h15 pour d\u00e9part 8h30<\/p>\n<p><strong>Inscription pour les randos longues<\/strong> du jeudi et du samedi : au plus tard la veille de la randonn\u00e9e par t\u00e9l\u00e9phone ou SMS :<\/p>\n<p>Serge Lafon : 06.33.83.02.01 ou Nicole Ducos : 07.69.26.50.48 ou Jeannette Castella : 06.32.92.46.39.<\/p>\n<p><strong>Pas d&rsquo;inscription pour les randos courtes :<\/strong><\/p>\n<p>se pr\u00e9senter \u00e0 l&rsquo;heure convenue pour un d\u00e9part \u00e0 l&rsquo;heure pr\u00e9cise.<\/p>\n<p>Rappel : Du 19 au 23 mai s\u00e9jour en Andorre pour les personnes inscrites, donc :<\/p>\n<p>pour les randos du jeudi 22 mai et samedi 24 mai : s&rsquo;inscrire aupr\u00e8s de Jeannette Castella.<\/p>\n<p><strong>Programme du jeudi : Version longue<\/strong><\/p>\n<p>Mai d\u00e9part 13h30<\/p>\n<p>01\/05 : Penne : Les Suquets &#8211; 10 kms &#8211; 3h &#8211; Moyen (d\u00e9nivel\u00e9)<\/p>\n<p>08\/05 : Bruniquel : Circuit des Moulins &#8211; 12,5 kms &#8211; 3h &#8211; Moyen ( longueur )<\/p>\n<p>15\/05 : Rando \u00e0 la journ\u00e9e avec pique-nique : RDV 8h45 &#8211; d\u00e9part 9h<\/p>\n<p>St Antonin : Au c\u0153ur du Cirque de B\u00f4ne, retour par La Veyrie ( mont\u00e9e de ouf!) &#8211; 14 kms &#8211; 4h30 Difficile (longueur et d\u00e9nivel\u00e9)<\/p>\n<p>22\/05 : Rando commune aux 2 groupes &#8211; rendez-vous : 13h15 &#8211; d\u00e9part : 13h30<\/p>\n<p>Sivens : For\u00eat de Sivens &#8211; 8 kms &#8211; 2h &#8211; Facile<\/p>\n<p>29\/05 : Bondigoux : Le Pech des Agnels &#8211; 8,4 kms &#8211; 2h30 &#8211; Facile<\/p>\n<p>Juin d\u00e9part 8h30<\/p>\n<p>05\/06 : Bruniquel : Brian du Causse \/ Brian de V\u00e8re &#8211; 10 kms &#8211; 3h &#8211; Moyen+ (longueur et d\u00e9nivel\u00e9)<\/p>\n<p>12\/06 : Rando \u00e0 la journ\u00e9e pour les 2 groupes avec picnic &#8211; D\u00e9part 9h30<\/p>\n<p>St Nicolas de La Grave : L&rsquo;observatoire aux oiseaux &#8211; 9,7 kms &#8211; 3 h &#8211; facile<\/p>\n<p>19\/06 : Bruniquel : La Madeleine Ravel de Fonvieille &#8211; 12 kms &#8211; 3h30 &#8211; moyen<\/p>\n<p>26\/06 : Rando \u00e0 la journ\u00e9e pour les 2 groupes avec visite de l&rsquo;abbaye de Beaulieu et repas au restaurant<\/p>\n<p>Ginals : Balade \u00e0 Ginals &#8211; 10 kms &#8211; 2h30 &#8211; Facile<\/p>\n<p>Des informations plus pr\u00e9cises seront donn\u00e9es au cours du mois de juin (horaires, restaurant..)<\/p>\n<p><strong>Programme du jeudi : Version courte<\/strong><\/p>\n<p>Mai d\u00e9part 14h00<\/p>\n<p>01\/05 : St \u00c9tienne de Tulmont : circuit de Pousini\u00e8s &#8211; 8,6 kms &#8211; 2h30 &#8211; Moyen ( longueur )<\/p>\n<p>08\/05 : Septfonds : Le Roc du Saut &#8211; 7,5 kms &#8211; 2h15 &#8211; facile<\/p>\n<p>15\/05 : Grisolles : Les Coteaux de Garonne &#8211; 6,5 kms &#8211; 2h &#8211; Moyen<\/p>\n<p>22\/05 : Rando commune aux 2 groupes (longues et courtes) &#8211; rendez-vous : 13h15 &#8211; d\u00e9part : 13h30<\/p>\n<p>Sivens : For\u00eat de Sivens &#8211; 8 kms &#8211; 2h &#8211; Facile<\/p>\n<p>29\/05 : Va\u00efssac : Le Lac du Gouyre &#8211; 6 kms &#8211; 2h &#8211; Facile<\/p>\n<p>Juin d\u00e9part 8h30<\/p>\n<p>05\/06 : Monteils : Le Parc de la L\u00e8re &#8211; 9 kms &#8211; 2h30 &#8211; Facile<\/p>\n<p>12\/06 : Rando \u00e0 la journ\u00e9e pour les 2 groupes avec picnic &#8211; D\u00e9part 9h30<\/p>\n<p>St Nicolas de La Grave : L&rsquo;observatoire aux oiseaux &#8211; 9,7 kms &#8211; 3h &#8211; Facile<\/p>\n<p>19\/06 : Varennes : Circuit de Varennes &#8211; 7,5 kms &#8211; 2h30 &#8211; Moyen<\/p>\n<p>26\/06 : Rando \u00e0 la journ\u00e9e pour les 2 groupes avec visite de l&rsquo;abbaye de Beaulieu et repas au restaurant<\/p>\n<p>Ginals : Balade \u00e0 Ginals &#8211; 10 kms &#8211; 2h30 &#8211; Facile<\/p>\n<p>Des informations plus pr\u00e9cises seront donn\u00e9es au cours du mois de juin (horaires, restaurant..)<\/p>\n<p><strong>Programme du Samedi<\/strong><\/p>\n<p>Mai d\u00e9part 13h30<\/p>\n<p>03\/05 : St Antonin : St\u00e9 Sabine Laussier &#8211; 9,5 kms &#8211; 2h30 &#8211; Facile<\/p>\n<p>10\/05 : Montricoux : Le Lavoir d&rsquo;Embarre &#8211; 7 kms &#8211; 2h &#8211; Facile<\/p>\n<p>17\/05 : Bruniquel : Cabeou par Jouanny &#8211; 10 kms &#8211; 3h &#8211; Moyen (d\u00e9nivel\u00e9)<\/p>\n<p>24\/05 : Septfonds : Le Roc du Saut &#8211; 7,5 kms &#8211; 2h &#8211; Facile<\/p>\n<p>Juin d\u00e9part 8h30<\/p>\n<p>Dimanche 8\/06 : Rando les Belles Mont\u00e9es : journ\u00e9e festive contre la maladie de charcot<\/p>\n<p>14\/06 : Montauban : Les Vallons du Fau &#8211; 9,8 kms &#8211; 2h30 &#8211; Facile<\/p>\n<p>21\/06 : Moli\u00e8res : Le Malivert &#8211; 12 kms -3h &#8211; Facile<\/p>\n<p>Dimanche 29 juin : Rando \u00e0 la f\u00eate de St Caprais<\/p>\n<p>Rappel : Les informations concernant Distance\/Dur\u00e9e\/Difficult\u00e9 sont donn\u00e9es \u00e0 titre indicatif. La dur\u00e9e ne comprend pas les temps de pause, de repas ou de pique-nique et peut varier en fonction du niveau des randonneurs pr\u00e9sents.<\/p>\n<p>En cas de probl\u00e8me d&rsquo;encadrement, de m\u00e9t\u00e9o, ou tout autre impr\u00e9vu, les organisateurs pourront \u00eatre amen\u00e9s \u00e0 changer le parcours initialement pr\u00e9vu, c&rsquo;est pourquoi nous vous conseillons de toujours venir au point de rendez-vous \u00e0 la salle des associations, parking de l&rsquo;\u00e9glise de La Salvetat.<\/p>\n<p><strong>POUR LES CYCLISTES SUR ROUTE :<\/strong><\/p>\n<p>Le dimanche matin rendez-vous \u00e0 la salle des associations de La Salvetat \u00e0 8h00 (8h30 lorsque le jour n&rsquo;est pas encore lev\u00e9). Il est conseill\u00e9 de prendre contact avec les organisateurs ci-dessous.<\/p>\n<p>Les parcours seront \u00e9tablis en fonction des participants et de la m\u00e9t\u00e9o (g\u00e9n\u00e9ralement de 60 \u00e0 100 km). En cas de participation \u00e0 des sorties organis\u00e9es par d&rsquo;autres clubs le lieu de rendez-vous et d\u00e9part pourra changer. En cas de mauvais temps, le jour ou l&rsquo;heure de d\u00e9part pourront \u00e9galement changer.<\/p>\n<p>Le mercredi apr\u00e8s-midi au d\u00e9part de Verlhac (durant les heures d&rsquo;\u00e9t\u00e9).<\/p>\n<p>Contacts : E. VIES 06-08-88-63-37 \/ J.M. SANGLA 05-63-30-34-16<\/p>\n<p>Vous pouvez \u00e9galement trouver des informations et des photos de nos randonn\u00e9es sur le site internet de l&rsquo;association \u00e0 l&rsquo;adresse : http:\/\/la-belle-montee.clubeo.com.<\/p>\n<p><strong>Contacts<\/strong> : Mail : <a href=\"mailto:jeanmarc.sangla@gmail.com\" target=\"_blank\" rel=\"noopener\">jeanmarc.sangla@gmail.com<\/a> \u2013 T\u00e9l\u00e9phone : Jean-Marc SANGLA 05-63-30-34-16<\/p>\n<p><em>Informatpon communiqu\u00e9e par Jean-Marc SANGLA<\/em><\/p>\n","protected":false},"excerpt":{"rendered":"<div class=\"mh-excerpt\">Programme de mai et juin 2025:<\/div>\n","protected":false},"author":4,"featured_media":60019,"comment_status":"open","ping_status":"open","sticky":false,"template":"","format":"standard","meta":{"om_disable_all_campaigns":false,"advanced_seo_description":"","jetpack_seo_html_title":"","jetpack_seo_noindex":false,"_jetpack_memberships_contains_paid_content":false,"footnotes":"","_links_to":"","_links_to_target":""},"categories":[34,53,6347,6352],"tags":[181,4663,6368,6369],"class_list":{"0":"post-64697","1":"post","2":"type-post","3":"status-publish","4":"format-standard","5":"has-post-thumbnail","7":"category-salvetat","8":"category-sports","9":"category-n230-mai-2025","10":"category-n231-juin-2025","11":"tag-la-salvetat-belmontet","12":"tag-les-belles-montees","13":"tag-programme-mai-juin-2025","14":"tag-s1725"},"jetpack_featured_media_url":"https:\/\/i0.wp.com\/www.o-p-i.fr\/parlonsen\/wp-content\/uploads\/les-belles-montees-LOGO.jpg?fit=283%2C292&ssl=1","views":"","jetpack_likes_enabled":true,"jetpack_sharing_enabled":true,"jetpack_shortlink":"https:\/\/wp.me\/pg7Wxj-gPv","jetpack-related-posts":[],"_links":{"self":[{"href":"https:\/\/www.o-p-i.fr\/parlonsen\/wp-json\/wp\/v2\/posts\/64697","targetHints":{"allow":["GET"]}}],"collection":[{"href":"https:\/\/www.o-p-i.fr\/parlonsen\/wp-json\/wp\/v2\/posts"}],"about":[{"href":"https:\/\/www.o-p-i.fr\/parlonsen\/wp-json\/wp\/v2\/types\/post"}],"author":[{"embeddable":true,"href":"https:\/\/www.o-p-i.fr\/parlonsen\/wp-json\/wp\/v2\/users\/4"}],"replies":[{"embeddable":true,"href":"https:\/\/www.o-p-i.fr\/parlonsen\/wp-json\/wp\/v2\/comments?post=64697"}],"version-history":[{"count":0,"href":"https:\/\/www.o-p-i.fr\/parlonsen\/wp-json\/wp\/v2\/posts\/64697\/revisions"}],"wp:featuredmedia":[{"embeddable":true,"href":"https:\/\/www.o-p-i.fr\/parlonsen\/wp-json\/wp\/v2\/media\/60019"}],"wp:attachment":[{"href":"https:\/\/www.o-p-i.fr\/parlonsen\/wp-json\/wp\/v2\/media?parent=64697"}],"wp:term":[{"taxonomy":"category","embeddable":true,"href":"https:\/\/www.o-p-i.fr\/parlonsen\/wp-json\/wp\/v2\/categories?post=64697"},{"taxonomy":"post_tag","embeddable":true,"href":"https:\/\/www.o-p-i.fr\/parlonsen\/wp-json\/wp\/v2\/tags?post=64697"}],"curies":[{"name":"wp","href":"https:\/\/api.w.org\/{rel}","templated":true}]}}