{"id":64725,"date":"2025-04-24T09:56:44","date_gmt":"2025-04-24T07:56:44","guid":{"rendered":"https:\/\/www.o-p-i.fr\/parlonsen\/?p=64725"},"modified":"2025-04-24T11:30:07","modified_gmt":"2025-04-24T09:30:07","slug":"parleras-tu-spectacle-a-rabastens-81","status":"publish","type":"post","link":"https:\/\/www.o-p-i.fr\/parlonsen\/localisation\/a-cote-de-chez-nous\/parleras-tu-spectacle-a-rabastens-81\/","title":{"rendered":"\u00ab\u00a0Parleras-tu\u00a0\u00bb, spectacle&#8230; \u00e0 Rabastens (81)"},"content":{"rendered":"<p><strong>Dimanche 27 avril 2025<\/strong>, \u00e0 15h. au Banc Sonore.<!--more--><\/p>\n<div class=\"place hasMapImage\" data-place-id=\"1575\">\n<div class=\"place-inner\">\n<p class=\"address-text\">Le Banc Sonore<br \/>\n22, Promenade des Lices<br \/>\n81800 Rabastens<\/p>\n<\/div>\n<\/div>\n<div id=\"htmlView\">\n<div id=\"textPart0\" class=\"textPart lastPart\">\n<p><img data-recalc-dims=\"1\" loading=\"lazy\" decoding=\"async\" class=\"alignright size-full wp-image-64726\" src=\"https:\/\/i0.wp.com\/www.o-p-i.fr\/parlonsen\/wp-content\/uploads\/parleras.jpg?resize=425%2C222&#038;ssl=1\" alt=\"\" width=\"425\" height=\"222\" srcset=\"https:\/\/i0.wp.com\/www.o-p-i.fr\/parlonsen\/wp-content\/uploads\/parleras.jpg?w=425&amp;ssl=1 425w, https:\/\/i0.wp.com\/www.o-p-i.fr\/parlonsen\/wp-content\/uploads\/parleras.jpg?resize=300%2C157&amp;ssl=1 300w\" sizes=\"auto, (max-width: 425px) 100vw, 425px\" \/>De caf\u00e9s en biscottes, Claude et Claude, deux amies, ont 55 minutes pour rendre compte d&rsquo;une enqu\u00eate bas\u00e9e sur des paroles d&rsquo;enfants et d&rsquo;adolescent\u00b7e\u00b7s.<\/p>\n<p>Entre chaque t\u00e9moignages sonores, elles font des sch\u00e9mas, d\u00e9cortiquent, analysent, r\u00eavent\u2026 Des personnages burlesques font parfois irruption dans l&rsquo;enqu\u00eate pour apporter d&rsquo;autres \u00e9l\u00e9ments et les personnages peuvent se laisser d\u00e9border par leur propre histoire, se perdre dans l&rsquo;absurdit\u00e9 d&rsquo;un syst\u00e8me qu&rsquo;iels ne comprennent pas.<\/p>\n<p>Elles trouveront peut-\u00eatre des morceaux d&rsquo;enfance qu&rsquo;elles croyaient perdu. Ont-elles vraiment appris \u00e0 se ranger dans la bonne case\u00a0? A rester \u00e0 leur place\u00a0?<\/p>\n<p>Le Spectacle est pr\u00e9c\u00e9d\u00e9 du Brunch d&rsquo;Avril (ouverture des portes \u00e0 10H) Bon app&rsquo; !<\/p>\n<p><em>Information communiqu\u00e9e par Le Banc Sonore<\/em><\/p>\n<p><a href=\"http:\/\/www.o-p-i.fr\/parlonsen\/agenda\/\">Retrouvez tous les \u00e9v\u00e9nements dans l&rsquo;agenda !<\/a><\/p>\n<\/div>\n<\/div>\n","protected":false},"excerpt":{"rendered":"<div class=\"mh-excerpt\">Dimanche 27 avril 2025, \u00e0 15h. au Banc Sonore.<\/div>\n","protected":false},"author":4,"featured_media":36094,"comment_status":"open","ping_status":"open","sticky":false,"template":"","format":"standard","meta":{"om_disable_all_campaigns":false,"advanced_seo_description":"","jetpack_seo_html_title":"","jetpack_seo_noindex":false,"_jetpack_memberships_contains_paid_content":false,"footnotes":"","_links_to":"","_links_to_target":""},"categories":[52,42,54,6342],"tags":[72,2758,6369],"class_list":{"0":"post-64725","1":"post","2":"type-post","3":"status-publish","4":"format-standard","5":"has-post-thumbnail","7":"category-parlons-en","8":"category-a-cote-de-chez-nous","9":"category-loisirs","10":"category-n229-avril-2025","11":"tag-rabastens","12":"tag-le-banc-sonore","13":"tag-s1725"},"jetpack_featured_media_url":"https:\/\/i0.wp.com\/www.o-p-i.fr\/parlonsen\/wp-content\/uploads\/Banc-sonore-3.jpg?fit=150%2C150&ssl=1","views":"","jetpack_likes_enabled":true,"jetpack_sharing_enabled":true,"jetpack_shortlink":"https:\/\/wp.me\/pg7Wxj-gPX","jetpack-related-posts":[],"_links":{"self":[{"href":"https:\/\/www.o-p-i.fr\/parlonsen\/wp-json\/wp\/v2\/posts\/64725","targetHints":{"allow":["GET"]}}],"collection":[{"href":"https:\/\/www.o-p-i.fr\/parlonsen\/wp-json\/wp\/v2\/posts"}],"about":[{"href":"https:\/\/www.o-p-i.fr\/parlonsen\/wp-json\/wp\/v2\/types\/post"}],"author":[{"embeddable":true,"href":"https:\/\/www.o-p-i.fr\/parlonsen\/wp-json\/wp\/v2\/users\/4"}],"replies":[{"embeddable":true,"href":"https:\/\/www.o-p-i.fr\/parlonsen\/wp-json\/wp\/v2\/comments?post=64725"}],"version-history":[{"count":0,"href":"https:\/\/www.o-p-i.fr\/parlonsen\/wp-json\/wp\/v2\/posts\/64725\/revisions"}],"wp:featuredmedia":[{"embeddable":true,"href":"https:\/\/www.o-p-i.fr\/parlonsen\/wp-json\/wp\/v2\/media\/36094"}],"wp:attachment":[{"href":"https:\/\/www.o-p-i.fr\/parlonsen\/wp-json\/wp\/v2\/media?parent=64725"}],"wp:term":[{"taxonomy":"category","embeddable":true,"href":"https:\/\/www.o-p-i.fr\/parlonsen\/wp-json\/wp\/v2\/categories?post=64725"},{"taxonomy":"post_tag","embeddable":true,"href":"https:\/\/www.o-p-i.fr\/parlonsen\/wp-json\/wp\/v2\/tags?post=64725"}],"curies":[{"name":"wp","href":"https:\/\/api.w.org\/{rel}","templated":true}]}}