{"id":6474,"date":"2011-01-27T19:18:51","date_gmt":"2011-01-27T17:18:51","guid":{"rendered":"\/parlonsen\/?p=6474"},"modified":"2012-03-22T15:54:30","modified_gmt":"2012-03-22T13:54:30","slug":"cine-monclar-en-fevrier-2011","status":"publish","type":"post","link":"https:\/\/www.o-p-i.fr\/parlonsen\/parlons-en\/culture\/cine-monclar-en-fevrier-2011\/","title":{"rendered":"Cin\u00e9 Monclar en F\u00e9vrier 2011"},"content":{"rendered":"<p>A vos agendas ! Voil\u00e0 le programme de Cin\u00e9 Monclar pour le mois de F\u00e9vrier 2011\u00a0 !<!--more--><\/p>\n<p>Vous pouvez t\u00e9l\u00e9charger le programme au format PDF <a title=\"Ouvre le fichier PDF dans une nouvelle fen\u00eatre\" href=\"https:\/\/www.o-p-i.fr\/parlonsen\/wp-content\/uploads\/cinemonclar_fev2011.pdf\" target=\"_blank\">en cliquant ici<\/a>.<\/p>\n<p style=\"text-align: justify;\"><em>Communiqu\u00e9 de <a title=\"Cliquez pour ouvrir la fiche dans l'annuaire d'OPI\" href=\"https:\/\/www.o-p-i.fr\/aupays\/annuaire\/loisirs\/cine-monclar\/\">Cin\u00e9Monclar<\/a><\/em><\/p>\n<p style=\"text-align: justify;\"><a href=\"https:\/\/www.o-p-i.fr\/parlonsen\/agenda\/\"><strong>Retrouvez tous les \u00e9v\u00e8nements dans l&rsquo;agenda !<\/strong><\/a><\/p>\n","protected":false},"excerpt":{"rendered":"<div class=\"mh-excerpt\">A vos agendas ! Voil\u00e0 le programme de Cin\u00e9 Monclar pour le mois de F\u00e9vrier 2011\u00a0 !<\/div>\n","protected":false},"author":2,"featured_media":0,"comment_status":"open","ping_status":"open","sticky":false,"template":"","format":"standard","meta":{"om_disable_all_campaigns":false,"advanced_seo_description":"","jetpack_seo_html_title":"","jetpack_seo_noindex":false,"_jetpack_memberships_contains_paid_content":false,"footnotes":"","_links_to":"","_links_to_target":""},"categories":[1,16,54,799],"tags":[323,2561,568,1264,82,92,143],"class_list":{"0":"post-6474","1":"post","2":"type-post","3":"status-publish","4":"format-standard","6":"category-culture","7":"category-monclar","8":"category-loisirs","9":"category-n-57-janvier-2011","10":"tag-enfant","11":"tag-loisirs","12":"tag-sortie","13":"tag-programme","14":"tag-aines","15":"tag-cine","16":"tag-monclar-de-quercy"},"jetpack_featured_media_url":"","views":{"total":0,"cached_at":"","cached_date":1738511391},"jetpack_likes_enabled":true,"jetpack_sharing_enabled":true,"jetpack_shortlink":"https:\/\/wp.me\/pg7Wxj-1Gq","jetpack-related-posts":[],"_links":{"self":[{"href":"https:\/\/www.o-p-i.fr\/parlonsen\/wp-json\/wp\/v2\/posts\/6474","targetHints":{"allow":["GET"]}}],"collection":[{"href":"https:\/\/www.o-p-i.fr\/parlonsen\/wp-json\/wp\/v2\/posts"}],"about":[{"href":"https:\/\/www.o-p-i.fr\/parlonsen\/wp-json\/wp\/v2\/types\/post"}],"author":[{"embeddable":true,"href":"https:\/\/www.o-p-i.fr\/parlonsen\/wp-json\/wp\/v2\/users\/2"}],"replies":[{"embeddable":true,"href":"https:\/\/www.o-p-i.fr\/parlonsen\/wp-json\/wp\/v2\/comments?post=6474"}],"version-history":[{"count":0,"href":"https:\/\/www.o-p-i.fr\/parlonsen\/wp-json\/wp\/v2\/posts\/6474\/revisions"}],"wp:attachment":[{"href":"https:\/\/www.o-p-i.fr\/parlonsen\/wp-json\/wp\/v2\/media?parent=6474"}],"wp:term":[{"taxonomy":"category","embeddable":true,"href":"https:\/\/www.o-p-i.fr\/parlonsen\/wp-json\/wp\/v2\/categories?post=6474"},{"taxonomy":"post_tag","embeddable":true,"href":"https:\/\/www.o-p-i.fr\/parlonsen\/wp-json\/wp\/v2\/tags?post=6474"}],"curies":[{"name":"wp","href":"https:\/\/api.w.org\/{rel}","templated":true}]}}