{"id":64815,"date":"2025-04-29T13:42:47","date_gmt":"2025-04-29T11:42:47","guid":{"rendered":"https:\/\/www.o-p-i.fr\/parlonsen\/?p=64815"},"modified":"2025-09-11T12:11:35","modified_gmt":"2025-09-11T10:11:35","slug":"portes-ouvertes-a-lembellie-a-montauban-82-2","status":"publish","type":"post","link":"https:\/\/www.o-p-i.fr\/parlonsen\/parlons-en\/pratique\/portes-ouvertes-a-lembellie-a-montauban-82-2\/","title":{"rendered":"Portes ouvertes \u00e0 l&rsquo;Embellie &#8230; \u00e0 Montauban (82)"},"content":{"rendered":"<p><strong>Samedi 13 septembre<\/strong> 2025, de 14h. \u00e0 19h.<!--more--><\/p>\n<h3 style=\"text-align: center;\"><img data-recalc-dims=\"1\" loading=\"lazy\" decoding=\"async\" class=\"alignright size-full wp-image-64816\" src=\"https:\/\/i0.wp.com\/www.o-p-i.fr\/parlonsen\/wp-content\/uploads\/portes-ouvertes-3.jpg?resize=425%2C425&#038;ssl=1\" alt=\"\" width=\"425\" height=\"425\" srcset=\"https:\/\/i0.wp.com\/www.o-p-i.fr\/parlonsen\/wp-content\/uploads\/portes-ouvertes-3.jpg?w=425&amp;ssl=1 425w, https:\/\/i0.wp.com\/www.o-p-i.fr\/parlonsen\/wp-content\/uploads\/portes-ouvertes-3.jpg?resize=300%2C300&amp;ssl=1 300w, https:\/\/i0.wp.com\/www.o-p-i.fr\/parlonsen\/wp-content\/uploads\/portes-ouvertes-3.jpg?resize=50%2C50&amp;ssl=1 50w, https:\/\/i0.wp.com\/www.o-p-i.fr\/parlonsen\/wp-content\/uploads\/portes-ouvertes-3.jpg?resize=375%2C375&amp;ssl=1 375w\" sizes=\"auto, (max-width: 425px) 100vw, 425px\" \/>Apr\u00e8s-midi portes ouvertes<\/h3>\n<p><strong>Le Th\u00e9\u00e2tre de l&rsquo;Embellie<\/strong> est un th\u00e9\u00e2tre 100% amateur et 100% b\u00e9n\u00e9vole. C&rsquo;est \u00e0 la fois un lieu convivial qui programme diff\u00e9rentes formes de spectacle vivant et un centre de formation pour le th\u00e9\u00e2tre amateur. L&rsquo;apr\u00e8s-midi portes ouvertes est l&rsquo;occasion de s&rsquo;inscrire aux diff\u00e9rents ateliers propos\u00e9s, mais aussi de s&rsquo;abonner \u00e0 un tarif avantageux pour la saison 2025-2026.<\/p>\n<p><strong>La formation<\/strong>: Le Th\u00e9\u00e2tre de l&rsquo;Embellie dispense une formation th\u00e9\u00e2trale depuis plus de vingt ans. Si elle est destin\u00e9e avant tout \u00e0 un public amateur \u2013 adultes, adolescents, enfants &#8211; elle reste soucieuse d&rsquo;une certaine exigence artistique. L&rsquo;apport sur les com\u00e9diens est important : faciliter l&rsquo;int\u00e9gration au sein d&rsquo;un groupe, prendre la parole et \u00e9voluer devant les autres, apprendre \u00e0 agir pour un r\u00e9sultat collectif, employer des structures de phrases correctes, vaincre la timidit\u00e9&#8230; <em>Amateur<\/em> prend ici son v\u00e9ritable sens : celui qui aime.<\/p>\n<p><strong>La programmation<\/strong><br \/>\n: Le Th\u00e9\u00e2tre de l&rsquo;Embellie est un th\u00e9\u00e2tre associatif d&rsquo;\u00e9ducation populaire de 250 places assises accessible aux handicap\u00e9s qui invite sur sa sc\u00e8ne des troupes de th\u00e9\u00e2tre uniquement amateurs originaires de la r\u00e9gion. En parall\u00e8le, la Compagnie de l&rsquo;Embellie, r\u00e9sidente permanente du Th\u00e9\u00e2tre, pr\u00e9sente ses propres cr\u00e9ations. Le 2\u00e8me dimanche de chaque mois, des compagnies th\u00e9\u00e2trales professionnelles proposent le rendez-vous des Pitchous. \u00c9galement pour les petits pendant les vacances scolaires, des spectacles p\u00e9dagogiques destin\u00e9s aux centres de loisirs.<\/p>\n<p><img data-recalc-dims=\"1\" loading=\"lazy\" decoding=\"async\" class=\" wp-image-18509\" src=\"https:\/\/i0.wp.com\/www.o-p-i.fr\/parlonsen\/wp-content\/uploads\/theatredelembellie.jpg?resize=360%2C132&#038;ssl=1\" alt=\"\" width=\"360\" height=\"132\" srcset=\"https:\/\/i0.wp.com\/www.o-p-i.fr\/parlonsen\/wp-content\/uploads\/theatredelembellie.jpg?w=600&amp;ssl=1 600w, https:\/\/i0.wp.com\/www.o-p-i.fr\/parlonsen\/wp-content\/uploads\/theatredelembellie.jpg?resize=300%2C110&amp;ssl=1 300w\" sizes=\"auto, (max-width: 360px) 100vw, 360px\" \/><\/p>\n<p>Organisateur de l&rsquo;\u00e9n\u00e8vement<br \/>\nTh\u00e9\u00e2tre de l&rsquo;Embellie<br \/>\n828 Avenue de Bordeaux<br \/>\nMontauban (82)<br \/>\nT\u00e9l\u00e9phone : 05 63 91 96 20<br \/>\nCourriel : <a href=\"mailto:embellie82@gmail.com\" target=\"_blank\" rel=\"noopener\">embellie82@gmail.com<\/a><\/p>\n<p><em>Information communiqu\u00e9e par le th\u00e9\u00e2tre de l&rsquo;Embellie<\/em><\/p>\n<p><a href=\"http:\/\/www.o-p-i.fr\/parlonsen\/agenda\/\">Retrouvez tous les \u00e9v\u00e9nements dans l&rsquo;agenda !<\/a><\/p>\n<p>&nbsp;<\/p>\n","protected":false},"excerpt":{"rendered":"<div class=\"mh-excerpt\">Samedi 13 septembre 2025, de 14h. \u00e0 19h.<\/div>\n","protected":false},"author":4,"featured_media":58043,"comment_status":"open","ping_status":"open","sticky":false,"template":"","format":"standard","meta":{"om_disable_all_campaigns":false,"advanced_seo_description":"","jetpack_seo_html_title":"","jetpack_seo_noindex":false,"_jetpack_memberships_contains_paid_content":false,"footnotes":"","_links_to":"","_links_to_target":""},"categories":[725,6,6414,6376],"tags":[2736,6475,484],"class_list":{"0":"post-64815","1":"post","2":"type-post","3":"status-publish","4":"format-standard","5":"has-post-thumbnail","7":"category-formation-parlons-en","8":"category-pratique","9":"category-montauban","10":"category-n234-septembre-2025","11":"tag-theatre-de-lembellie","12":"tag-s3725","13":"tag-portes-ouvertes"},"jetpack_featured_media_url":"https:\/\/i0.wp.com\/www.o-p-i.fr\/parlonsen\/wp-content\/uploads\/theatre-La-Salvetat.jpg?fit=425%2C596&ssl=1","views":"","jetpack_likes_enabled":true,"jetpack_sharing_enabled":true,"jetpack_shortlink":"https:\/\/wp.me\/pg7Wxj-gRp","jetpack-related-posts":[],"_links":{"self":[{"href":"https:\/\/www.o-p-i.fr\/parlonsen\/wp-json\/wp\/v2\/posts\/64815","targetHints":{"allow":["GET"]}}],"collection":[{"href":"https:\/\/www.o-p-i.fr\/parlonsen\/wp-json\/wp\/v2\/posts"}],"about":[{"href":"https:\/\/www.o-p-i.fr\/parlonsen\/wp-json\/wp\/v2\/types\/post"}],"author":[{"embeddable":true,"href":"https:\/\/www.o-p-i.fr\/parlonsen\/wp-json\/wp\/v2\/users\/4"}],"replies":[{"embeddable":true,"href":"https:\/\/www.o-p-i.fr\/parlonsen\/wp-json\/wp\/v2\/comments?post=64815"}],"version-history":[{"count":0,"href":"https:\/\/www.o-p-i.fr\/parlonsen\/wp-json\/wp\/v2\/posts\/64815\/revisions"}],"wp:featuredmedia":[{"embeddable":true,"href":"https:\/\/www.o-p-i.fr\/parlonsen\/wp-json\/wp\/v2\/media\/58043"}],"wp:attachment":[{"href":"https:\/\/www.o-p-i.fr\/parlonsen\/wp-json\/wp\/v2\/media?parent=64815"}],"wp:term":[{"taxonomy":"category","embeddable":true,"href":"https:\/\/www.o-p-i.fr\/parlonsen\/wp-json\/wp\/v2\/categories?post=64815"},{"taxonomy":"post_tag","embeddable":true,"href":"https:\/\/www.o-p-i.fr\/parlonsen\/wp-json\/wp\/v2\/tags?post=64815"}],"curies":[{"name":"wp","href":"https:\/\/api.w.org\/{rel}","templated":true}]}}