{"id":64827,"date":"2025-05-01T08:11:51","date_gmt":"2025-05-01T06:11:51","guid":{"rendered":"https:\/\/www.o-p-i.fr\/parlonsen\/?p=64827"},"modified":"2025-05-01T10:27:58","modified_gmt":"2025-05-01T08:27:58","slug":"atelier-bien-etre-seniors-a-salvagnac-81","status":"publish","type":"post","link":"https:\/\/www.o-p-i.fr\/parlonsen\/localisation\/au-pays-des-tescous\/salvagnac\/atelier-bien-etre-seniors-a-salvagnac-81\/","title":{"rendered":"Atelier \u00ab\u00a0bien \u00eatre s\u00e9niors\u00a0\u00bb &#8230; \u00e0 Salvagnac 81)"},"content":{"rendered":"<p>Les<strong> vendredis mai et juin 2025<\/strong>, de 10h. \u00e0\u00a0 midi, \u00e0 l&rsquo;Ecrin, voir programme:<\/p>\n<p><!--more--><\/p>\n<h1><img data-recalc-dims=\"1\" loading=\"lazy\" decoding=\"async\" class=\"alignright size-full wp-image-64828\" src=\"https:\/\/i0.wp.com\/www.o-p-i.fr\/parlonsen\/wp-content\/uploads\/sommeil-3.jpg?resize=425%2C464&#038;ssl=1\" alt=\"\" width=\"425\" height=\"464\" srcset=\"https:\/\/i0.wp.com\/www.o-p-i.fr\/parlonsen\/wp-content\/uploads\/sommeil-3.jpg?w=425&amp;ssl=1 425w, https:\/\/i0.wp.com\/www.o-p-i.fr\/parlonsen\/wp-content\/uploads\/sommeil-3.jpg?resize=275%2C300&amp;ssl=1 275w\" sizes=\"auto, (max-width: 425px) 100vw, 425px\" \/>Atelier bien-\u00eatre seniors<br \/>\n\u00e0 Salvagnac<\/h1>\n<p>La mairie de Salvagnac et le CCAS soutiennent la mise en place d\u2019ateliers subventionn\u00e9s par la Conf\u00e9rence des financeurs du Tarn (pr\u00eat de salle communale et diffusion) \u00e0 destination des seniors de 60 ans et plus.<\/p>\n<p>L\u2019organisme N\u00e9osilver a \u00e9t\u00e9 s\u00e9lectionn\u00e9 pour la mise en \u0153uvre d&rsquo;un atelier sur la pr\u00e9vention des troubles du sommeil du\u00a0<strong>9 mai au 13 juin<\/strong>\u00a0au rythme d\u2019une s\u00e9ance par semaine \u00e0 l&rsquo;ECRIN (entr\u00e9e en face de l&rsquo;Eglise).<\/p>\n<p>L&rsquo;atelier est\u00a0<strong>GRATUIT. Il reste quelques places. La pr\u00e9sence aux 6 ateliers n&rsquo;est pas obligatoire\u00a0<\/strong><strong>alors n&rsquo;h\u00e9sitez plus \u00e0 vous inscrire\u00a0<\/strong><strong>aupr\u00e8s de Fr\u00e9d\u00e9rique Massat :\u00a0<\/strong><\/p>\n<p><strong><a href=\"mailto:frederique.massat3@wanadoo.fr\" rel=\"noreferrer\">frederique.massat3@wanadoo.fr<\/a>\u00a0&#8211; 06 82 01 07 53<\/strong><\/p>\n<p>&nbsp;<\/p>\n<p>&nbsp;<\/p>\n<p><img data-recalc-dims=\"1\" loading=\"lazy\" decoding=\"async\" class=\"aligncenter size-full wp-image-64829\" src=\"https:\/\/i0.wp.com\/www.o-p-i.fr\/parlonsen\/wp-content\/uploads\/sommeil-prog.jpg?resize=624%2C882&#038;ssl=1\" alt=\"\" width=\"624\" height=\"882\" srcset=\"https:\/\/i0.wp.com\/www.o-p-i.fr\/parlonsen\/wp-content\/uploads\/sommeil-prog.jpg?w=624&amp;ssl=1 624w, https:\/\/i0.wp.com\/www.o-p-i.fr\/parlonsen\/wp-content\/uploads\/sommeil-prog.jpg?resize=212%2C300&amp;ssl=1 212w\" sizes=\"auto, (max-width: 624px) 100vw, 624px\" \/><\/p>\n<p><em>Information communiqu\u00e9e par Fr\u00e9d\u00e9rique MASSAT<\/em><\/p>\n<p><a href=\"http:\/\/www.o-p-i.fr\/parlonsen\/agenda\/\">Retrouvez tous les \u00e9v\u00e9nements dans l&rsquo;agenda !<\/a><\/p>\n","protected":false},"excerpt":{"rendered":"<div class=\"mh-excerpt\">Les vendredis mai et juin 2025, de 10h. \u00e0\u00a0 midi, \u00e0 l&rsquo;Ecrin, voir programme:<\/div>\n","protected":false},"author":4,"featured_media":46117,"comment_status":"open","ping_status":"open","sticky":false,"template":"","format":"standard","meta":{"om_disable_all_campaigns":false,"advanced_seo_description":"","jetpack_seo_html_title":"","jetpack_seo_noindex":false,"_jetpack_memberships_contains_paid_content":false,"footnotes":"","_links_to":"","_links_to_target":""},"categories":[52,58,25,6347,6352],"tags":[2548,3010,6373],"class_list":{"0":"post-64827","1":"post","2":"type-post","3":"status-publish","4":"format-standard","5":"has-post-thumbnail","7":"category-parlons-en","8":"category-sante","9":"category-salvagnac","10":"category-n230-mai-2025","11":"category-n231-juin-2025","12":"tag-salvagnac","13":"tag-stages","14":"tag-s1825"},"jetpack_featured_media_url":"https:\/\/i0.wp.com\/www.o-p-i.fr\/parlonsen\/wp-content\/uploads\/sommeil.jpg?fit=363%2C324&ssl=1","views":"","jetpack_likes_enabled":true,"jetpack_sharing_enabled":true,"jetpack_shortlink":"https:\/\/wp.me\/pg7Wxj-gRB","jetpack-related-posts":[],"_links":{"self":[{"href":"https:\/\/www.o-p-i.fr\/parlonsen\/wp-json\/wp\/v2\/posts\/64827","targetHints":{"allow":["GET"]}}],"collection":[{"href":"https:\/\/www.o-p-i.fr\/parlonsen\/wp-json\/wp\/v2\/posts"}],"about":[{"href":"https:\/\/www.o-p-i.fr\/parlonsen\/wp-json\/wp\/v2\/types\/post"}],"author":[{"embeddable":true,"href":"https:\/\/www.o-p-i.fr\/parlonsen\/wp-json\/wp\/v2\/users\/4"}],"replies":[{"embeddable":true,"href":"https:\/\/www.o-p-i.fr\/parlonsen\/wp-json\/wp\/v2\/comments?post=64827"}],"version-history":[{"count":0,"href":"https:\/\/www.o-p-i.fr\/parlonsen\/wp-json\/wp\/v2\/posts\/64827\/revisions"}],"wp:featuredmedia":[{"embeddable":true,"href":"https:\/\/www.o-p-i.fr\/parlonsen\/wp-json\/wp\/v2\/media\/46117"}],"wp:attachment":[{"href":"https:\/\/www.o-p-i.fr\/parlonsen\/wp-json\/wp\/v2\/media?parent=64827"}],"wp:term":[{"taxonomy":"category","embeddable":true,"href":"https:\/\/www.o-p-i.fr\/parlonsen\/wp-json\/wp\/v2\/categories?post=64827"},{"taxonomy":"post_tag","embeddable":true,"href":"https:\/\/www.o-p-i.fr\/parlonsen\/wp-json\/wp\/v2\/tags?post=64827"}],"curies":[{"name":"wp","href":"https:\/\/api.w.org\/{rel}","templated":true}]}}