{"id":64876,"date":"2025-05-01T13:28:24","date_gmt":"2025-05-01T11:28:24","guid":{"rendered":"https:\/\/www.o-p-i.fr\/parlonsen\/?p=64876"},"modified":"2025-05-01T13:33:41","modified_gmt":"2025-05-01T11:33:41","slug":"bdm-accord-mets-vins-a-salvagnac-81","status":"publish","type":"post","link":"https:\/\/www.o-p-i.fr\/parlonsen\/localisation\/au-pays-des-tescous\/salvagnac\/bdm-accord-mets-vins-a-salvagnac-81\/","title":{"rendered":"BDM &#8211; Accord Mets &#038; Vins &#8230; \u00e0 Salvagnac (81)"},"content":{"rendered":"<p><strong>Samedi 3 mai 2025 \/ 19h p\u00e9tantes !<\/strong><\/p>\n<p><!--more--><\/p>\n<p><img data-recalc-dims=\"1\" loading=\"lazy\" decoding=\"async\" class=\"size-medium wp-image-64878 alignright\" src=\"https:\/\/i0.wp.com\/www.o-p-i.fr\/parlonsen\/wp-content\/uploads\/IMG-20250430-WA0000.jpg?resize=300%2C157&#038;ssl=1\" alt=\"\" width=\"300\" height=\"157\" srcset=\"https:\/\/i0.wp.com\/www.o-p-i.fr\/parlonsen\/wp-content\/uploads\/IMG-20250430-WA0000.jpg?resize=300%2C157&amp;ssl=1 300w, https:\/\/i0.wp.com\/www.o-p-i.fr\/parlonsen\/wp-content\/uploads\/IMG-20250430-WA0000.jpg?resize=1024%2C536&amp;ssl=1 1024w, https:\/\/i0.wp.com\/www.o-p-i.fr\/parlonsen\/wp-content\/uploads\/IMG-20250430-WA0000.jpg?resize=768%2C402&amp;ssl=1 768w, https:\/\/i0.wp.com\/www.o-p-i.fr\/parlonsen\/wp-content\/uploads\/IMG-20250430-WA0000.jpg?w=1080&amp;ssl=1 1080w\" sizes=\"auto, (max-width: 300px) 100vw, 300px\" \/>Accord mets-vins<\/p>\n<p data-v-4eb997e3=\"\">Le Caf\u00e9 ABDM r\u00e9uni 2 artistes des papilles pour vous faire d\u00e9couvrir les joies de votre palais, juste celui qui se trouve dans votre bouche !<\/p>\n<ul data-v-4eb997e3=\"\">\n<li data-v-4eb997e3=\"\">Estelle Egrot, cheffe de La bouche \u00e9pic\u00e9e,<\/li>\n<li data-v-4eb997e3=\"\">Marion Lebrun, vigneronne au Domaine de l&rsquo;Enclos des Braves,<br data-v-4eb997e3=\"\" \/>vous propose d&rsquo;associer leurs comp\u00e9tences en cuisine \u00e0 base de plantes et de raisins vinifi\u00e9s pour vous faire vivre un moment un peu hors du temps&#8230;<\/li>\n<\/ul>\n<hr data-v-4eb997e3=\"\" \/>\n<p data-v-4eb997e3=\"\">INFOS PRATIQUES<br data-v-4eb997e3=\"\" \/>\ud83d\udccd Caf\u00e9 Au bord du monde, Salvagnac, Tarn<br data-v-4eb997e3=\"\" \/>\u20ac Start 19h p\u00e9tantes \/ 48\u20ac par personne \/ 4 mets + 4 vins<br data-v-4eb997e3=\"\" \/>\ud83d\udcde R\u00e9sa obligatoire: 05 63 55 14 52 \/ Jauge limit\u00e9e<\/p>\n<p>&nbsp;<\/p>\n","protected":false},"excerpt":{"rendered":"<div class=\"mh-excerpt\">Samedi 3 mai 2025 \/ 19h p\u00e9tantes !<\/div>\n","protected":false},"author":9,"featured_media":44336,"comment_status":"open","ping_status":"open","sticky":false,"template":"","format":"standard","meta":{"om_disable_all_campaigns":false,"advanced_seo_description":"","jetpack_seo_html_title":"","jetpack_seo_noindex":false,"_jetpack_memberships_contains_paid_content":false,"footnotes":"","_links_to":"","_links_to_target":""},"categories":[52,54,25,6347],"tags":[2548,513,3689,3830,6373],"class_list":{"0":"post-64876","1":"post","2":"type-post","3":"status-publish","4":"format-standard","5":"has-post-thumbnail","7":"category-parlons-en","8":"category-loisirs","9":"category-salvagnac","10":"category-n230-mai-2025","11":"tag-salvagnac","12":"tag-vin","13":"tag-degustation-vin","14":"tag-cafe-au-bord-du-monde","15":"tag-s1825"},"jetpack_featured_media_url":"https:\/\/i0.wp.com\/www.o-p-i.fr\/parlonsen\/wp-content\/uploads\/logo-bord-du-monde.jpg?fit=198%2C198&ssl=1","views":{"total":10,"cached_at":"","cached_date":1738535001},"jetpack_likes_enabled":true,"jetpack_sharing_enabled":true,"jetpack_shortlink":"https:\/\/wp.me\/pg7Wxj-gSo","jetpack-related-posts":[],"_links":{"self":[{"href":"https:\/\/www.o-p-i.fr\/parlonsen\/wp-json\/wp\/v2\/posts\/64876","targetHints":{"allow":["GET"]}}],"collection":[{"href":"https:\/\/www.o-p-i.fr\/parlonsen\/wp-json\/wp\/v2\/posts"}],"about":[{"href":"https:\/\/www.o-p-i.fr\/parlonsen\/wp-json\/wp\/v2\/types\/post"}],"author":[{"embeddable":true,"href":"https:\/\/www.o-p-i.fr\/parlonsen\/wp-json\/wp\/v2\/users\/9"}],"replies":[{"embeddable":true,"href":"https:\/\/www.o-p-i.fr\/parlonsen\/wp-json\/wp\/v2\/comments?post=64876"}],"version-history":[{"count":0,"href":"https:\/\/www.o-p-i.fr\/parlonsen\/wp-json\/wp\/v2\/posts\/64876\/revisions"}],"wp:featuredmedia":[{"embeddable":true,"href":"https:\/\/www.o-p-i.fr\/parlonsen\/wp-json\/wp\/v2\/media\/44336"}],"wp:attachment":[{"href":"https:\/\/www.o-p-i.fr\/parlonsen\/wp-json\/wp\/v2\/media?parent=64876"}],"wp:term":[{"taxonomy":"category","embeddable":true,"href":"https:\/\/www.o-p-i.fr\/parlonsen\/wp-json\/wp\/v2\/categories?post=64876"},{"taxonomy":"post_tag","embeddable":true,"href":"https:\/\/www.o-p-i.fr\/parlonsen\/wp-json\/wp\/v2\/tags?post=64876"}],"curies":[{"name":"wp","href":"https:\/\/api.w.org\/{rel}","templated":true}]}}