{"id":65056,"date":"2025-05-21T12:21:03","date_gmt":"2025-05-21T10:21:03","guid":{"rendered":"https:\/\/www.o-p-i.fr\/parlonsen\/?p=65056"},"modified":"2025-06-06T10:53:40","modified_gmt":"2025-06-06T08:53:40","slug":"fete-du-village-a-saint-urcisse-81-2","status":"publish","type":"post","link":"https:\/\/www.o-p-i.fr\/parlonsen\/localisation\/au-pays-des-tescous\/saint-urcisse\/fete-du-village-a-saint-urcisse-81-2\/","title":{"rendered":"F\u00eate du village&#8230;\u00e0 Saint Urcisse (81)"},"content":{"rendered":"<p><strong>Dimanche 8 et lundi 9 juin 2025<\/strong>; au village, voir programme:\u00a0 <!--more--><\/p>\n<p><img data-recalc-dims=\"1\" loading=\"lazy\" decoding=\"async\" class=\"aligncenter size-full wp-image-65058\" src=\"https:\/\/i0.wp.com\/www.o-p-i.fr\/parlonsen\/wp-content\/uploads\/fete-st-u.jpg?resize=624%2C883&#038;ssl=1\" alt=\"\" width=\"624\" height=\"883\" srcset=\"https:\/\/i0.wp.com\/www.o-p-i.fr\/parlonsen\/wp-content\/uploads\/fete-st-u.jpg?w=624&amp;ssl=1 624w, https:\/\/i0.wp.com\/www.o-p-i.fr\/parlonsen\/wp-content\/uploads\/fete-st-u.jpg?resize=212%2C300&amp;ssl=1 212w\" sizes=\"auto, (max-width: 624px) 100vw, 624px\" \/><\/p>\n<div class=\"v1elementToProof\">Nous sommes heureux de vous inviter cette ann\u00e9e encore \u00e0 la <strong>f\u00eate de Saint-Urcisse<\/strong> les 8 et 9 juin 2025.<\/div>\n<div class=\"v1elementToProof\">Au programme du week-end : ap\u00e9ro du comit\u00e9 et barbecue partag\u00e9 le dimanche midi, jeux en bois pour enfants et adultes dans l&rsquo;apr\u00e8s-midi, diner (carbonnade et gratin dauphinois) et concert en soir\u00e9e ! La f\u00eate continuera le lendemain par le traditionnel concours de p\u00e9tanques en triplettes ! Soyez les bienvenus !<\/div>\n<div><\/div>\n<div><em><em>Information communiqu\u00e9e par l<\/em><\/em>Thibault DELAPORTE du<em>Comit\u00e9 des F\u00eates de Saint Urcisse<\/em><\/div>\n<div><\/div>\n<div><a href=\"http:\/\/www.o-p-i.fr\/parlonsen\/agenda\/\">Retrouvez tous les \u00e9v\u00e9nements dans l&rsquo;agenda !<\/a><\/div>\n","protected":false},"excerpt":{"rendered":"<div class=\"mh-excerpt\">Dimanche 8 et lundi 9 juin 2025; au village, voir programme:\u00a0<\/div>\n","protected":false},"author":4,"featured_media":51186,"comment_status":"open","ping_status":"open","sticky":false,"template":"","format":"standard","meta":{"om_disable_all_campaigns":false,"advanced_seo_description":"","jetpack_seo_html_title":"","jetpack_seo_noindex":false,"_jetpack_memberships_contains_paid_content":false,"footnotes":"","_links_to":"","_links_to_target":""},"categories":[52,54,18,6352],"tags":[43,803,2913,6397],"class_list":{"0":"post-65056","1":"post","2":"type-post","3":"status-publish","4":"format-standard","5":"has-post-thumbnail","7":"category-parlons-en","8":"category-loisirs","9":"category-saint-urcisse","10":"category-n231-juin-2025","11":"tag-concert","12":"tag-comite-des-fetes","13":"tag-saint-urcisse","14":"tag-s2325"},"jetpack_featured_media_url":"https:\/\/i0.wp.com\/www.o-p-i.fr\/parlonsen\/wp-content\/uploads\/fete-vales.jpg?fit=425%2C205&ssl=1","views":"","jetpack_likes_enabled":true,"jetpack_sharing_enabled":true,"jetpack_shortlink":"https:\/\/wp.me\/pg7Wxj-gVi","jetpack-related-posts":[],"_links":{"self":[{"href":"https:\/\/www.o-p-i.fr\/parlonsen\/wp-json\/wp\/v2\/posts\/65056","targetHints":{"allow":["GET"]}}],"collection":[{"href":"https:\/\/www.o-p-i.fr\/parlonsen\/wp-json\/wp\/v2\/posts"}],"about":[{"href":"https:\/\/www.o-p-i.fr\/parlonsen\/wp-json\/wp\/v2\/types\/post"}],"author":[{"embeddable":true,"href":"https:\/\/www.o-p-i.fr\/parlonsen\/wp-json\/wp\/v2\/users\/4"}],"replies":[{"embeddable":true,"href":"https:\/\/www.o-p-i.fr\/parlonsen\/wp-json\/wp\/v2\/comments?post=65056"}],"version-history":[{"count":0,"href":"https:\/\/www.o-p-i.fr\/parlonsen\/wp-json\/wp\/v2\/posts\/65056\/revisions"}],"wp:featuredmedia":[{"embeddable":true,"href":"https:\/\/www.o-p-i.fr\/parlonsen\/wp-json\/wp\/v2\/media\/51186"}],"wp:attachment":[{"href":"https:\/\/www.o-p-i.fr\/parlonsen\/wp-json\/wp\/v2\/media?parent=65056"}],"wp:term":[{"taxonomy":"category","embeddable":true,"href":"https:\/\/www.o-p-i.fr\/parlonsen\/wp-json\/wp\/v2\/categories?post=65056"},{"taxonomy":"post_tag","embeddable":true,"href":"https:\/\/www.o-p-i.fr\/parlonsen\/wp-json\/wp\/v2\/tags?post=65056"}],"curies":[{"name":"wp","href":"https:\/\/api.w.org\/{rel}","templated":true}]}}