{"id":6515,"date":"2011-01-31T17:11:38","date_gmt":"2011-01-31T15:11:38","guid":{"rendered":"\/parlonsen\/?p=6515"},"modified":"2011-02-01T11:04:38","modified_gmt":"2011-02-01T09:04:38","slug":"soiree-rumba-gitane-catalane-a-rabastens","status":"publish","type":"post","link":"https:\/\/www.o-p-i.fr\/parlonsen\/parlons-en\/culture\/soiree-rumba-gitane-catalane-a-rabastens\/","title":{"rendered":"Soir\u00e9e Rumba Gitane Catalane &#8230; \u00e0 Rabastens"},"content":{"rendered":"<p>L&rsquo;association Reg@rts vous propose une un soir\u00e9e concert \u00e0 la Salle de l&rsquo;ULR, \u00e0 Rabastens le <span style=\"color: #ff6600;\"><strong>Samedi 12 F\u00e9vrier 2011<\/strong><\/span>.<!--more--><\/p>\n<p style=\"text-align: justify;\">\n<figure id=\"attachment_6516\" aria-describedby=\"caption-attachment-6516\" style=\"width: 400px\" class=\"wp-caption alignright\"><img data-recalc-dims=\"1\" loading=\"lazy\" decoding=\"async\" class=\"size-full wp-image-6516\" title=\"Rabastens (81)\" src=\"https:\/\/i0.wp.com\/www.o-p-i.fr\/parlonsen\/wp-content\/uploads\/fly_rumba.jpg?resize=400%2C571&#038;ssl=1\" alt=\"Rabastens (81)\" width=\"400\" height=\"571\" srcset=\"https:\/\/i0.wp.com\/www.o-p-i.fr\/parlonsen\/wp-content\/uploads\/fly_rumba.jpg?w=400&amp;ssl=1 400w, https:\/\/i0.wp.com\/www.o-p-i.fr\/parlonsen\/wp-content\/uploads\/fly_rumba.jpg?resize=210%2C300&amp;ssl=1 210w\" sizes=\"auto, (max-width: 400px) 100vw, 400px\" \/><figcaption id=\"caption-attachment-6516\" class=\"wp-caption-text\">Rabastens (81)<\/figcaption><\/figure>\n<p><span style=\"color: #ff6600;\"><strong>Soir\u00e9e Rumba Gitane Catalane avec TEKAMELI<\/strong><\/span><\/p>\n<p style=\"text-align: justify;\">Dans les ann\u00e9es 90 le groupe issu des quartiers gitans de Perpignan explose sur la sc\u00e8ne internationale avec un tr\u00e8s beau disque \u00ab ida y vuelta \u00bb chez Epic Sony Music dans lequel on per\u00e7oit imm\u00e9diatement une sensibilit\u00e9 musicale \u00e0 fleur de peau qui les am\u00e8nera sur la plupart des grandes sc\u00e8nes europ\u00e9ennes, \u00e0 Vancouver et jusqu\u2019\u00e0 l\u2019Op\u00e9ra de Sydney. L\u00e0 dans une mise en sc\u00e8ne organis\u00e9e par Guy Bertrand avec des musiciens tsiganes venus des 4 coins du monde les musiciens de Tekameli sont devenus peu \u00e0 peu les ambassadeurs d\u2019une rumba gitane catalane \u00e0 la fois festive et inspir\u00e9e.On conna\u00eet leur r\u00e9pertoire de chants sacr\u00e9s en forme de rumba qui est devenu leur grande sp\u00e9cialit\u00e9, mais ce sont aussi des musiciens d\u2019une grande intensit\u00e9 pour le r\u00e9pertoire de musique de f\u00eate gitane qui s\u2019exprime principalement \u00e0 l\u2019occasion des mariages gitans traditionnels. Avant la sortie d\u2019un nouvel album tr\u00e8s attendu ,Tekameli revient avec un r\u00e9pertoire original et tr\u00e8s caliente pr\u00e9par\u00e9 avec le trio incontournable de Tekameli : Jeannot Soler l\u2019arrangeur et les superbes voix tendues de Salomon Espinas et Julio Bermudez .<a title=\"Ouvre le site dans une nouvelle fen\u00eatre\" href=\"http:\/\/www.myspace.com\/tekameli\" target=\"_blank\">www.myspace.com\/tekameli<\/a><\/p>\n<p style=\"text-align: justify;\"><span style=\"color: #ff6600;\"><strong>Pour y aller &#8230;<\/strong><\/span><br \/>\nSalle de l\u2019ULR<br \/>\nRoute de Grazac<br \/>\n81800 Rabastens<\/p>\n<p style=\"text-align: justify;\"><span style=\"color: #ff6600;\"><strong>TARIFS<\/strong><\/span><br \/>\nRepas* + Concert : 20 \u20ac plein tarif \/ 18 \u20ac tarif R\u00e9duit (Ch\u00f4meur, \u00c9tudiant, RSA,\u2026.)<br \/>\nConcert Uniquement : 10 \u20ac plein tarif \/ 8 \u20ac tarif r\u00e9duit (Ch\u00f4meur, \u00c9tudiant, RSA,\u2026.)<br \/>\nConcert Gratuit pour les moins de 10 ans.<\/p>\n<p style=\"text-align: justify;\">* Repas Uniquement sur R\u00e9servation<br \/>\n<span style=\"color: #ff6600;\"><strong>R\u00c9SERVATION <\/strong><\/span> Uniquement aupr\u00e8s de REG@RTS<br \/>\nT\u00e9l. : 05 63 33 86 63 \/ 06 24 31 07 36<br \/>\nCourriel : <a href=\"mailto:contact@asso-regarts.com\">contact@asso-regarts.com<\/a><\/p>\n<p style=\"text-align: justify;\"><span style=\"color: #ff6600;\"><strong>Contact : Reg@arts<\/strong><\/span><br \/>\nSite :\u00a0 <a title=\"Ouvre le site dans une nouvelle fen\u00eatre\" href=\"http:\/\/www.asso-regarts.com\" target=\"_blank\">www.asso-regarts.com<\/a><\/p>\n<p style=\"text-align: justify;\"><em>Communiqu\u00e9 de l&rsquo;association Reg@arts<\/em><\/p>\n<p><a href=\"https:\/\/www.o-p-i.fr\/parlonsen\/agenda\/\"><strong>Retrouvez tous les \u00e9v\u00e8nements dans l&rsquo;agenda !<\/strong><\/a><\/p>\n","protected":false},"excerpt":{"rendered":"<div class=\"mh-excerpt\">L&rsquo;association Reg@rts vous propose une un soir\u00e9e concert \u00e0 la Salle de l&rsquo;ULR, \u00e0 Rabastens le Samedi 12 F\u00e9vrier 2011.<\/div>\n","protected":false},"author":2,"featured_media":0,"comment_status":"open","ping_status":"open","sticky":false,"template":"","format":"standard","meta":{"om_disable_all_campaigns":false,"advanced_seo_description":"","jetpack_seo_html_title":"","jetpack_seo_noindex":false,"_jetpack_memberships_contains_paid_content":false,"footnotes":"","_links_to":"","_links_to_target":""},"categories":[42,1,54,799],"tags":[43,72,157,2561,568,837],"class_list":{"0":"post-6515","1":"post","2":"type-post","3":"status-publish","4":"format-standard","6":"category-a-cote-de-chez-nous","7":"category-culture","8":"category-loisirs","9":"category-n-57-janvier-2011","10":"tag-concert","11":"tag-rabastens","12":"tag-repas","13":"tag-loisirs","14":"tag-sortie","15":"tag-regrts"},"jetpack_featured_media_url":"","views":{"total":0,"cached_at":"","cached_date":1738259698},"jetpack_likes_enabled":true,"jetpack_sharing_enabled":true,"jetpack_shortlink":"https:\/\/wp.me\/pg7Wxj-1H5","jetpack-related-posts":[],"_links":{"self":[{"href":"https:\/\/www.o-p-i.fr\/parlonsen\/wp-json\/wp\/v2\/posts\/6515","targetHints":{"allow":["GET"]}}],"collection":[{"href":"https:\/\/www.o-p-i.fr\/parlonsen\/wp-json\/wp\/v2\/posts"}],"about":[{"href":"https:\/\/www.o-p-i.fr\/parlonsen\/wp-json\/wp\/v2\/types\/post"}],"author":[{"embeddable":true,"href":"https:\/\/www.o-p-i.fr\/parlonsen\/wp-json\/wp\/v2\/users\/2"}],"replies":[{"embeddable":true,"href":"https:\/\/www.o-p-i.fr\/parlonsen\/wp-json\/wp\/v2\/comments?post=6515"}],"version-history":[{"count":0,"href":"https:\/\/www.o-p-i.fr\/parlonsen\/wp-json\/wp\/v2\/posts\/6515\/revisions"}],"wp:attachment":[{"href":"https:\/\/www.o-p-i.fr\/parlonsen\/wp-json\/wp\/v2\/media?parent=6515"}],"wp:term":[{"taxonomy":"category","embeddable":true,"href":"https:\/\/www.o-p-i.fr\/parlonsen\/wp-json\/wp\/v2\/categories?post=6515"},{"taxonomy":"post_tag","embeddable":true,"href":"https:\/\/www.o-p-i.fr\/parlonsen\/wp-json\/wp\/v2\/tags?post=6515"}],"curies":[{"name":"wp","href":"https:\/\/api.w.org\/{rel}","templated":true}]}}