{"id":65271,"date":"2025-06-04T20:03:42","date_gmt":"2025-06-04T18:03:42","guid":{"rendered":"https:\/\/www.o-p-i.fr\/parlonsen\/?p=65271"},"modified":"2025-06-26T12:43:40","modified_gmt":"2025-06-26T10:43:40","slug":"show-de-fin-dannee-ebenbao-a-lavaur-81","status":"publish","type":"post","link":"https:\/\/www.o-p-i.fr\/parlonsen\/localisation\/a-cote-de-chez-nous\/show-de-fin-dannee-ebenbao-a-lavaur-81\/","title":{"rendered":"Show de fin d&rsquo;ann\u00e9e, Ebenbao&#8230; \u00e0 Lavaur (81)"},"content":{"rendered":"<p><strong>Samedi 28 juin 202<\/strong>5, 21h., Halle aux grains.<!--more--><\/p>\n<h3 style=\"text-align: center;\"><img data-recalc-dims=\"1\" loading=\"lazy\" decoding=\"async\" class=\"alignright size-full wp-image-65272\" src=\"https:\/\/i0.wp.com\/www.o-p-i.fr\/parlonsen\/wp-content\/uploads\/Ebenbao-10.jpg?resize=425%2C602&#038;ssl=1\" alt=\"\" width=\"425\" height=\"602\" srcset=\"https:\/\/i0.wp.com\/www.o-p-i.fr\/parlonsen\/wp-content\/uploads\/Ebenbao-10.jpg?w=425&amp;ssl=1 425w, https:\/\/i0.wp.com\/www.o-p-i.fr\/parlonsen\/wp-content\/uploads\/Ebenbao-10.jpg?resize=212%2C300&amp;ssl=1 212w\" sizes=\"auto, (max-width: 425px) 100vw, 425px\" \/> SCHOW DE FIN D&rsquo;ANN\u00c9E<\/h3>\n<p>La saison se termine et l\u2019association Ebenbao pr\u00e9sente le fruit des cr\u00e9ations. Au programme plusieurs chor\u00e9graphies dans\u00e9es, cr\u00e9ations originales des professeurs de danse de l\u2019association, ainsi que plusieurs improvisations musicales et dans\u00e9es.<br \/>\nLes danses sont accompagn\u00e9es en direct par les percussions, djemb\u00e9 et doums frappent le rythme sur lequel les danseurs \u00e9voluent en r\u00e9ponse \u00e0 cet appel.<br \/>\nDirectement puis\u00e9es dans l\u2019immense richesse du patrimoine artistique africain, les chor\u00e9graphies sont un champ de forces de vibration avec la terre et les \u00e9l\u00e9ments. Une invitation pour chacun \u00e0 danser avec une pr\u00e9sence \u00e9motionnelle, charg\u00e9e d&rsquo;int\u00e9riorit\u00e9 et de partage de joie.<br \/>\nUne invitation \u00e0 se retrouver \u00e0 travers le corps et l&rsquo;histoire d&rsquo;un continent.<br \/>\nChaque ann\u00e9e est marqu\u00e9e par le spectacle de fin d\u2019ann\u00e9e. Tourn\u00e9e vers la cr\u00e9ation artistique, il compl\u00e8te l\u2019apprentissage technique d\u00e9velopp\u00e9 depuis le d\u00e9but de la saison. C\u2019est cet instant d\u2019aboutissement du travail d\u2019une saison, qui nous permet de partager l\u2019exp\u00e9rience de la sc\u00e8ne et donne tout son sens \u00e0 l\u2019investissement et \u00e0 l&rsquo;\u00e9volution des danseuses et danseurs.<br \/>\nC\u2019est \u00e9galement la transmission d\u2019une volont\u00e9 de d\u00e9fendre l\u2019art et la cr\u00e9ation contemporaine en r\u00e9plique aux st\u00e9r\u00e9otypes qui nourrissent les discriminations de notre soci\u00e9t\u00e9.<br \/>\nUne lecture en r\u00e9ponse aux drames humains qui se d\u00e9roulent autour de nous, au besoin de partager les cultures, de les m\u00ealer, de les enrichir les unes avec les autres.<\/p>\n<p>Ebenbao veut contribuer \u00e0 la vision d\u2019un monde o\u00f9 chacun doit \u00eatre \u00e0 \u00e9galit\u00e9 r\u00e9elle de droit et de dignit\u00e9 dans une appartenance commune \u00e0 l\u2019humanit\u00e9.<br \/>\nA travers ses activit\u00e9s, Ebenbao soutient l\u2019ONG \u00ab Dim\u00e9 Mali \u00bb compos\u00e9e de m\u00e9decins des h\u00f4pitaux de Conakry qui \u0153uvrent dans le domaine de la pr\u00e9vention des maladies et de la mortalit\u00e9 infantile en Guin\u00e9e.<br \/>\nDanse, musique et expressions seront au programme.<br \/>\nUne soir\u00e9e \u00e0 partager.<br \/>\n<strong>PARTICIPATION LIBRE<\/strong><br \/>\nContacts : 06 88 80 00 31 ou par mail : <a href=\"mailto:ebenbao@gmail.com\" target=\"_blank\" rel=\"noopener\">ebenbao@gmail.com<\/a><\/p>\n<p>Site de l\u2019association : <a href=\"http:\/\/www.ebenbao.com\" target=\"_blank\" rel=\"noopener\">http:\/\/www.ebenbao.com<\/a><\/p>\n<p>&nbsp;<\/p>\n<p>&nbsp;<\/p>\n<p><em>Information communiqu\u00e9e par l&rsquo;association Ebenbao<\/em><\/p>\n<p><a href=\"http:\/\/www.o-p-i.fr\/parlonsen\/agenda\/\">Retrouvez tous les \u00e9v\u00e9nements dans l&rsquo;agenda !<\/a><\/p>\n<p>&nbsp;<\/p>\n<p>&nbsp;<\/p>\n","protected":false},"excerpt":{"rendered":"<div class=\"mh-excerpt\">Samedi 28 juin 2025, 21h., Halle aux grains.<\/div>\n","protected":false},"author":4,"featured_media":50288,"comment_status":"open","ping_status":"open","sticky":false,"template":"","format":"standard","meta":{"om_disable_all_campaigns":false,"advanced_seo_description":"","jetpack_seo_html_title":"","jetpack_seo_noindex":false,"_jetpack_memberships_contains_paid_content":false,"footnotes":"","_links_to":"","_links_to_target":""},"categories":[42,54,6352],"tags":[239,2832,3522,6408],"class_list":{"0":"post-65271","1":"post","2":"type-post","3":"status-publish","4":"format-standard","5":"has-post-thumbnail","7":"category-a-cote-de-chez-nous","8":"category-loisirs","9":"category-n231-juin-2025","10":"tag-lavaur","11":"tag-ebenbao","12":"tag-show","13":"tag-s2625"},"jetpack_featured_media_url":"https:\/\/i0.wp.com\/www.o-p-i.fr\/parlonsen\/wp-content\/uploads\/logo-ebenbao.jpg?fit=66%2C66&ssl=1","views":"","jetpack_likes_enabled":true,"jetpack_sharing_enabled":true,"jetpack_shortlink":"https:\/\/wp.me\/pg7Wxj-gYL","jetpack-related-posts":[],"_links":{"self":[{"href":"https:\/\/www.o-p-i.fr\/parlonsen\/wp-json\/wp\/v2\/posts\/65271","targetHints":{"allow":["GET"]}}],"collection":[{"href":"https:\/\/www.o-p-i.fr\/parlonsen\/wp-json\/wp\/v2\/posts"}],"about":[{"href":"https:\/\/www.o-p-i.fr\/parlonsen\/wp-json\/wp\/v2\/types\/post"}],"author":[{"embeddable":true,"href":"https:\/\/www.o-p-i.fr\/parlonsen\/wp-json\/wp\/v2\/users\/4"}],"replies":[{"embeddable":true,"href":"https:\/\/www.o-p-i.fr\/parlonsen\/wp-json\/wp\/v2\/comments?post=65271"}],"version-history":[{"count":0,"href":"https:\/\/www.o-p-i.fr\/parlonsen\/wp-json\/wp\/v2\/posts\/65271\/revisions"}],"wp:featuredmedia":[{"embeddable":true,"href":"https:\/\/www.o-p-i.fr\/parlonsen\/wp-json\/wp\/v2\/media\/50288"}],"wp:attachment":[{"href":"https:\/\/www.o-p-i.fr\/parlonsen\/wp-json\/wp\/v2\/media?parent=65271"}],"wp:term":[{"taxonomy":"category","embeddable":true,"href":"https:\/\/www.o-p-i.fr\/parlonsen\/wp-json\/wp\/v2\/categories?post=65271"},{"taxonomy":"post_tag","embeddable":true,"href":"https:\/\/www.o-p-i.fr\/parlonsen\/wp-json\/wp\/v2\/tags?post=65271"}],"curies":[{"name":"wp","href":"https:\/\/api.w.org\/{rel}","templated":true}]}}