{"id":65280,"date":"2025-06-05T07:42:29","date_gmt":"2025-06-05T05:42:29","guid":{"rendered":"https:\/\/www.o-p-i.fr\/parlonsen\/?p=65280"},"modified":"2025-06-06T11:05:54","modified_gmt":"2025-06-06T09:05:54","slug":"eloge-du-desotdre-exposition-a-lisle-sur-tarn-81","status":"publish","type":"post","link":"https:\/\/www.o-p-i.fr\/parlonsen\/localisation\/a-cote-de-chez-nous\/eloge-du-desotdre-exposition-a-lisle-sur-tarn-81\/","title":{"rendered":"\u00ab\u00a0Eloge du d\u00e9sordre\u00a0\u00bb, exposition &#8230;\u00e0 Lisle sur Tarn (81)"},"content":{"rendered":"<p><strong>Dimanche 8 juin 2025<\/strong>, matin\u00e9e \u00e0 l&rsquo;Embarcad\u00e8re <!--more--><\/p>\n<h3 style=\"text-align: center;\">RENCONTRE avec les ARTISTES<\/h3>\n<p><img data-recalc-dims=\"1\" loading=\"lazy\" decoding=\"async\" class=\"aligncenter size-full wp-image-65282\" src=\"https:\/\/i0.wp.com\/www.o-p-i.fr\/parlonsen\/wp-content\/uploads\/Embarcadere-6.jpg?resize=624%2C404&#038;ssl=1\" alt=\"\" width=\"624\" height=\"404\" srcset=\"https:\/\/i0.wp.com\/www.o-p-i.fr\/parlonsen\/wp-content\/uploads\/Embarcadere-6.jpg?w=624&amp;ssl=1 624w, https:\/\/i0.wp.com\/www.o-p-i.fr\/parlonsen\/wp-content\/uploads\/Embarcadere-6.jpg?resize=300%2C194&amp;ssl=1 300w\" sizes=\"auto, (max-width: 624px) 100vw, 624px\" \/><\/p>\n<p>Marie-H\u00e9l\u00e8ne CARCANAGUE (peinture) et Anne-Sophie MIGN\u00c9 (sculpture) pr\u00e9sentent actuellement leurs \u0153uvres \u00e0 la Galerie L&rsquo;EMBARCAD\u00c8RE dans le cadre de cette magnifique exposition \u00ab\u00a0\u00c9LOGE DU D\u00c9SORDRE\u00a0\u00bb.<\/p>\n<p><strong>Ce dimanche 8 juin 2025,<\/strong> \u00e0 partir de 10h, le D\u00c9SORDRE prendra un tour&#8230; vivant !<br \/>\nLes deux artistes seront pr\u00e9sentes \u00e0 la galerie, pour vous accueillir, r\u00e9pondre \u00e0 vos questions, discuter, rire (peut-\u00eatre), et surtout partager avec vous leurs univers singuliers, sensibles, \u00e9tonnamment complices.<\/p>\n<p>Car ce qui aurait pu n&rsquo;\u00eatre qu&rsquo;un simple voisinage artistique s&rsquo;est transform\u00e9 en v\u00e9ritable rencontre inattendue : leurs d\u00e9marches se r\u00e9pondent, se frottent, se bousculent parfois&#8230; comme si leurs \u0153uvres s&rsquo;\u00e9taient donn\u00e9 rendez-vous avant m\u00eame qu&rsquo;elles ne se connaissent.<\/p>\n<p>Deux trajectoires qui interrogent, chacune \u00e0 leur mani\u00e8re, ce besoin (un peu fou) qu&rsquo;ont nos soci\u00e9t\u00e9s de tout ranger, tout figer, tout contr\u00f4ler.<br \/>\nEt si le d\u00e9sordre \u00e9tait justement le vrai terrain de la cr\u00e9ation, de la libert\u00e9, du sensible ?<br \/>\nOn parie que vous repartirez avec cette question en t\u00eate \u2014 et peut-\u00eatre un peu de terre sur les doigts ou un \u00e9clat de pigment dans le c\u0153ur.<\/p>\n<p>\ud83d\udccd Rendez-vous ce dimanche matin \u00e0 la Galerie L&rsquo;EMBARCAD\u00c8RE.<br \/>\nUn moment rare, po\u00e9tique, vivant, &#8230;. qu&rsquo;il serait dommage de manquer !<\/p>\n<p><strong>RENCONTRE \u00e0 la Galerie<\/strong>\u00a0DIMANCHE 8 Juin \u00a02025, de 10h \u00e0 12h30<br \/>\n19, rue Saint Louis, 81310 LISLE SUR TARN<\/p>\n<p><em>Information communiqu\u00e9e par L&rsquo;Embarcad\u00e8re<\/em><\/p>\n<p><a href=\"http:\/\/www.o-p-i.fr\/parlonsen\/agenda\/\">Retrouvez tous les \u00e9v\u00e9nements dans l&rsquo;agenda !<\/a><\/p>\n","protected":false},"excerpt":{"rendered":"<div class=\"mh-excerpt\">Dimanche 8 juin 2025, matin\u00e9e \u00e0 l&rsquo;Embarcad\u00e8re<\/div>\n","protected":false},"author":4,"featured_media":46617,"comment_status":"open","ping_status":"open","sticky":false,"template":"","format":"standard","meta":{"om_disable_all_campaigns":false,"advanced_seo_description":"","jetpack_seo_html_title":"","jetpack_seo_noindex":false,"_jetpack_memberships_contains_paid_content":false,"footnotes":"","_links_to":"","_links_to_target":""},"categories":[52,42,54,6352],"tags":[77,172,2972,6397],"class_list":{"0":"post-65280","1":"post","2":"type-post","3":"status-publish","4":"format-standard","5":"has-post-thumbnail","7":"category-parlons-en","8":"category-a-cote-de-chez-nous","9":"category-loisirs","10":"category-n231-juin-2025","11":"tag-lisle-sur-tarn","12":"tag-exposition","13":"tag-lembarcadere","14":"tag-s2325"},"jetpack_featured_media_url":"https:\/\/i0.wp.com\/www.o-p-i.fr\/parlonsen\/wp-content\/uploads\/L4eMBARCADERE.jpg?fit=425%2C74&ssl=1","views":"","jetpack_likes_enabled":true,"jetpack_sharing_enabled":true,"jetpack_shortlink":"https:\/\/wp.me\/pg7Wxj-gYU","jetpack-related-posts":[],"_links":{"self":[{"href":"https:\/\/www.o-p-i.fr\/parlonsen\/wp-json\/wp\/v2\/posts\/65280","targetHints":{"allow":["GET"]}}],"collection":[{"href":"https:\/\/www.o-p-i.fr\/parlonsen\/wp-json\/wp\/v2\/posts"}],"about":[{"href":"https:\/\/www.o-p-i.fr\/parlonsen\/wp-json\/wp\/v2\/types\/post"}],"author":[{"embeddable":true,"href":"https:\/\/www.o-p-i.fr\/parlonsen\/wp-json\/wp\/v2\/users\/4"}],"replies":[{"embeddable":true,"href":"https:\/\/www.o-p-i.fr\/parlonsen\/wp-json\/wp\/v2\/comments?post=65280"}],"version-history":[{"count":0,"href":"https:\/\/www.o-p-i.fr\/parlonsen\/wp-json\/wp\/v2\/posts\/65280\/revisions"}],"wp:featuredmedia":[{"embeddable":true,"href":"https:\/\/www.o-p-i.fr\/parlonsen\/wp-json\/wp\/v2\/media\/46617"}],"wp:attachment":[{"href":"https:\/\/www.o-p-i.fr\/parlonsen\/wp-json\/wp\/v2\/media?parent=65280"}],"wp:term":[{"taxonomy":"category","embeddable":true,"href":"https:\/\/www.o-p-i.fr\/parlonsen\/wp-json\/wp\/v2\/categories?post=65280"},{"taxonomy":"post_tag","embeddable":true,"href":"https:\/\/www.o-p-i.fr\/parlonsen\/wp-json\/wp\/v2\/tags?post=65280"}],"curies":[{"name":"wp","href":"https:\/\/api.w.org\/{rel}","templated":true}]}}