{"id":65286,"date":"2025-06-05T08:19:23","date_gmt":"2025-06-05T06:19:23","guid":{"rendered":"https:\/\/www.o-p-i.fr\/parlonsen\/?p=65286"},"modified":"2025-06-12T12:17:19","modified_gmt":"2025-06-12T10:17:19","slug":"les-rendez-vous-dherve-a-cordes-sur-ciel-et-les-cabannes","status":"publish","type":"post","link":"https:\/\/www.o-p-i.fr\/parlonsen\/parlons-en\/pratique\/les-rendez-vous-dherve-a-cordes-sur-ciel-et-les-cabannes\/","title":{"rendered":"\u00ab\u00a0Les rendez-vous d&rsquo;HeRV\u00e9\u00a0\u00bb&#8230;\u00e0 Cordes sur Ciel et Les Cabannes (81)"},"content":{"rendered":"<p><strong>Vendredi 13 au dimanche 15 juin 2025, <\/strong>Berges du C\u00e9rou, proximit\u00e9 du stade municipal, voir le programme: <!--more--><\/p>\n<p>L&rsquo;\u00e9quipe de <strong>RectoVerso<\/strong> a le plaisir de vous inviter \u00e0 la troisi\u00e8me \u00e9dition du festival \u00ab\u00a0Les Rendez-vous d&rsquo;HeRV\u00e9\u00a0\u00bb du vendredi 13 au dimanche 15 juin 2025, \u00e0 Cordes-sur-Ciel et Les Cabannes, une manifestation enti\u00e8rement gratuite et pour tous les publics.<br \/>\nIl s&rsquo;agit d&rsquo;un festival pluridisciplinaire d\u00e9di\u00e9 aux cultures du monde, familial et convivial dans le cadre bucolique des berges du C\u00e9rou, \u00e0 c\u00f4t\u00e9 du stade \u00e0 Cordes-sur-Ciel.<br \/>\nAu programme du festival : des concerts \u00e9clectiques, des expositions photo, des spectacles (clown, conte, danse), des ateliers chant, \u00e9criture et dessin, des ateliers \u00e9coscientifiques pour les enfants, des jeux (en bois, de soci\u00e9t\u00e9, etc.), un espace enfants, une buvette et de la restauration (cf programme ci-joint)<\/p>\n<p>Au plaisir de partager un moment convivial et artistique avec vous.<\/p>\n<p><img data-recalc-dims=\"1\" loading=\"lazy\" decoding=\"async\" class=\"aligncenter size-full wp-image-65287\" src=\"https:\/\/i0.wp.com\/www.o-p-i.fr\/parlonsen\/wp-content\/uploads\/Herve-1.jpg?resize=624%2C439&#038;ssl=1\" alt=\"\" width=\"624\" height=\"439\" srcset=\"https:\/\/i0.wp.com\/www.o-p-i.fr\/parlonsen\/wp-content\/uploads\/Herve-1.jpg?w=624&amp;ssl=1 624w, https:\/\/i0.wp.com\/www.o-p-i.fr\/parlonsen\/wp-content\/uploads\/Herve-1.jpg?resize=300%2C211&amp;ssl=1 300w\" sizes=\"auto, (max-width: 624px) 100vw, 624px\" \/><\/p>\n<p><em>Information communiqu\u00e9e par \u00ab\u00a0Recto-Verso\u00a0\u00bb<\/em><\/p>\n<p><a href=\"http:\/\/www.o-p-i.fr\/parlonsen\/agenda\/\">Retrouvez tous les \u00e9v\u00e9nements dans l&rsquo;agenda !<\/a><\/p>\n","protected":false},"excerpt":{"rendered":"<div class=\"mh-excerpt\">Vendredi 13 au dimanche 15 juin 2025, Berges du C\u00e9rou, proximit\u00e9 du stade municipal, voir le programme:<\/div>\n","protected":false},"author":4,"featured_media":26889,"comment_status":"open","ping_status":"open","sticky":false,"template":"","format":"standard","meta":{"om_disable_all_campaigns":false,"advanced_seo_description":"","jetpack_seo_html_title":"","jetpack_seo_noindex":false,"_jetpack_memberships_contains_paid_content":false,"footnotes":"","_links_to":"","_links_to_target":""},"categories":[52,42,54,6,6352],"tags":[754,2097,5340,6399],"class_list":{"0":"post-65286","1":"post","2":"type-post","3":"status-publish","4":"format-standard","5":"has-post-thumbnail","7":"category-parlons-en","8":"category-a-cote-de-chez-nous","9":"category-loisirs","10":"category-pratique","11":"category-n231-juin-2025","12":"tag-les-cabannes","13":"tag-cordes-sur-ciel","14":"tag-journee-festive","15":"tag-s2425"},"jetpack_featured_media_url":"https:\/\/i0.wp.com\/www.o-p-i.fr\/parlonsen\/wp-content\/uploads\/crepusculesurcordessurciel.jpg?fit=800%2C537&ssl=1","views":"","jetpack_likes_enabled":true,"jetpack_sharing_enabled":true,"jetpack_shortlink":"https:\/\/wp.me\/pg7Wxj-gZ0","jetpack-related-posts":[],"_links":{"self":[{"href":"https:\/\/www.o-p-i.fr\/parlonsen\/wp-json\/wp\/v2\/posts\/65286","targetHints":{"allow":["GET"]}}],"collection":[{"href":"https:\/\/www.o-p-i.fr\/parlonsen\/wp-json\/wp\/v2\/posts"}],"about":[{"href":"https:\/\/www.o-p-i.fr\/parlonsen\/wp-json\/wp\/v2\/types\/post"}],"author":[{"embeddable":true,"href":"https:\/\/www.o-p-i.fr\/parlonsen\/wp-json\/wp\/v2\/users\/4"}],"replies":[{"embeddable":true,"href":"https:\/\/www.o-p-i.fr\/parlonsen\/wp-json\/wp\/v2\/comments?post=65286"}],"version-history":[{"count":0,"href":"https:\/\/www.o-p-i.fr\/parlonsen\/wp-json\/wp\/v2\/posts\/65286\/revisions"}],"wp:featuredmedia":[{"embeddable":true,"href":"https:\/\/www.o-p-i.fr\/parlonsen\/wp-json\/wp\/v2\/media\/26889"}],"wp:attachment":[{"href":"https:\/\/www.o-p-i.fr\/parlonsen\/wp-json\/wp\/v2\/media?parent=65286"}],"wp:term":[{"taxonomy":"category","embeddable":true,"href":"https:\/\/www.o-p-i.fr\/parlonsen\/wp-json\/wp\/v2\/categories?post=65286"},{"taxonomy":"post_tag","embeddable":true,"href":"https:\/\/www.o-p-i.fr\/parlonsen\/wp-json\/wp\/v2\/tags?post=65286"}],"curies":[{"name":"wp","href":"https:\/\/api.w.org\/{rel}","templated":true}]}}