{"id":65304,"date":"2025-06-06T11:35:37","date_gmt":"2025-06-06T09:35:37","guid":{"rendered":"https:\/\/www.o-p-i.fr\/parlonsen\/?p=65304"},"modified":"2025-06-06T11:35:37","modified_gmt":"2025-06-06T09:35:37","slug":"bdm-diner-fleuri-a-salvagnac-81","status":"publish","type":"post","link":"https:\/\/www.o-p-i.fr\/parlonsen\/localisation\/au-pays-des-tescous\/salvagnac\/bdm-diner-fleuri-a-salvagnac-81\/","title":{"rendered":"BDM &#8211; D\u00ceNER FLEURI &#8230; \u00e0 Salvagnac (81)"},"content":{"rendered":"<p><strong><span class=\"gmail-x6zurak gmail-x18bv5gf gmail-x184q3qc gmail-xqxll94 gmail-x1s928wv gmail-xhkezso gmail-x1gmr53x gmail-x1cpjm7i gmail-x1fgarty gmail-x1943h6x gmail-x193iq5w gmail-xeuugli gmail-x13faqbe gmail-x1vvkbs gmail-x1lliihq gmail-xzsf02u gmail-xlh3980 gmail-xvmahel gmail-x1x9mg3 gmail-xo1l8bm\" dir=\"auto\">Samedi 7 juin 2025 \/ 19h<\/span><\/strong><\/p>\n<p><!--more--><\/p>\n<div class=\"gmail-xdj266r gmail-x11i5rnm gmail-xat24cr gmail-x1mh8g0r gmail-x1vvkbs\">\n<p><img data-recalc-dims=\"1\" loading=\"lazy\" decoding=\"async\" class=\"size-medium wp-image-65306 alignright\" src=\"https:\/\/i0.wp.com\/www.o-p-i.fr\/parlonsen\/wp-content\/uploads\/Cafe-ABDM-Diner-fleuri.jpg?resize=300%2C157&#038;ssl=1\" alt=\"\" width=\"300\" height=\"157\" srcset=\"https:\/\/i0.wp.com\/www.o-p-i.fr\/parlonsen\/wp-content\/uploads\/Cafe-ABDM-Diner-fleuri.jpg?resize=300%2C157&amp;ssl=1 300w, https:\/\/i0.wp.com\/www.o-p-i.fr\/parlonsen\/wp-content\/uploads\/Cafe-ABDM-Diner-fleuri.jpg?resize=1024%2C536&amp;ssl=1 1024w, https:\/\/i0.wp.com\/www.o-p-i.fr\/parlonsen\/wp-content\/uploads\/Cafe-ABDM-Diner-fleuri.jpg?resize=768%2C402&amp;ssl=1 768w, https:\/\/i0.wp.com\/www.o-p-i.fr\/parlonsen\/wp-content\/uploads\/Cafe-ABDM-Diner-fleuri.jpg?w=1200&amp;ssl=1 1200w\" sizes=\"auto, (max-width: 300px) 100vw, 300px\" \/><\/p>\n<div class=\"gmail-xdj266r gmail-x11i5rnm gmail-xat24cr gmail-x1mh8g0r gmail-x1vvkbs\">D\u00ceNER FLEURI \/ Avec Isabelle Vidal aux fourneaux (Phisalys cuisine v\u00e9g\u00e9tale)<\/div>\n<div class=\"gmail-x11i5rnm gmail-xat24cr gmail-x1mh8g0r gmail-x1vvkbs gmail-xtlvy1s\">De la po\u00e9sie dans l&rsquo;assiette avec un d\u00eener fleuri et gourmand.<br class=\"gmail-html-br\" \/>Venez \u00e9veiller vos papilles aux parfum d\u00e9licats et subtil des fleurs comestibles qui viendront agr\u00e9menter les pr\u00e9parations culinaires par le biais d&rsquo;infusion, hydrolats, fleurs fra\u00eeches ou s\u00e9ch\u00e9es de l&rsquo;entr\u00e9e au dessert.<\/div>\n<div class=\"gmail-x11i5rnm gmail-xat24cr gmail-x1mh8g0r gmail-x1vvkbs gmail-xtlvy1s\">Formule compl\u00e8te \u00e0 25\u20ac<\/div>\n<div class=\"gmail-x11i5rnm gmail-xat24cr gmail-x1mh8g0r gmail-x1vvkbs gmail-xtlvy1s\">Entr\u00e9e<br class=\"gmail-html-br\" \/>Carpaccio de courgettes au citron confit et capucines<br class=\"gmail-html-br\" \/>Betteraves rouges marin\u00e9es au vinaigre de sureau et sabl\u00e9 sal\u00e9s au bleuet<\/div>\n<div class=\"gmail-x11i5rnm gmail-xat24cr gmail-x1mh8g0r gmail-x1vvkbs gmail-xtlvy1s\">Plat<br class=\"gmail-html-br\" \/>Duo cr\u00e9meux de petit \u00e9peautre et haricots mungo au m\u00e9lilot<br class=\"gmail-html-br\" \/>Fenouil r\u00f4ti au sirop d\u2019acacia<br class=\"gmail-html-br\" \/>Wok de f\u00e8ves, carottes primeur et oignons ciboule au gingembre et cosmos<\/div>\n<div class=\"gmail-x11i5rnm gmail-xat24cr gmail-x1mh8g0r gmail-x1vvkbs gmail-xtlvy1s\">Dessert au choix<br class=\"gmail-html-br\" \/>Tiramisu v\u00e9g\u00e9tal aux cerises au \u201dcaf\u00e9\u201d d\u2019orge et \u00e0 la reine des pr\u00e9s<br class=\"gmail-html-br\" \/>ou<br class=\"gmail-html-br\" \/>Verrine de mousse \u00e0 la rose, framboises et crumble amandes<\/div>\n<div class=\"gmail-x11i5rnm gmail-xat24cr gmail-x1mh8g0r gmail-x1vvkbs gmail-xtlvy1s\">BON APPETIT <span class=\"gmail-html-span gmail-xexx8yu gmail-x4uap5 gmail-x18d9i69 gmail-xkhd6sd gmail-x1hl2dhg gmail-x16tdsg8 gmail-x1vvkbs gmail-x3nfvp2 gmail-x1j61x8r gmail-x1fcty0u gmail-xdj266r gmail-xat24cr gmail-xgzva0m gmail-xhhsvwb gmail-xxymvpz gmail-xlup9mm gmail-x1kky2od\"><img loading=\"lazy\" decoding=\"async\" class=\"gmail-xz74otr gmail-x168nmei gmail-x13lgxp2 gmail-x5pf9jr gmail-xo71vjh\" src=\"https:\/\/static.xx.fbcdn.net\/images\/emoji.php\/v9\/tac\/1\/16\/2665.png\" alt=\"\u2665\" width=\"16\" height=\"16\" \/><\/span><br class=\"gmail-html-br\" \/>___________________<br class=\"gmail-html-br\" \/>INFOS PRATIQUES<br class=\"gmail-html-br\" \/><span class=\"gmail-html-span gmail-xexx8yu gmail-x4uap5 gmail-x18d9i69 gmail-xkhd6sd gmail-x1hl2dhg gmail-x16tdsg8 gmail-x1vvkbs gmail-x3nfvp2 gmail-x1j61x8r gmail-x1fcty0u gmail-xdj266r gmail-xat24cr gmail-xgzva0m gmail-xhhsvwb gmail-xxymvpz gmail-xlup9mm gmail-x1kky2od\"><img loading=\"lazy\" decoding=\"async\" class=\"gmail-xz74otr gmail-x168nmei gmail-x13lgxp2 gmail-x5pf9jr gmail-xo71vjh\" src=\"https:\/\/static.xx.fbcdn.net\/images\/emoji.php\/v9\/t2d\/1\/16\/1f4cd.png\" alt=\"\ud83d\udccd\" width=\"16\" height=\"16\" \/><\/span> Caf\u00e9 Au bord du monde, Salvagnac, Tarn<br class=\"gmail-html-br\" \/>\u20ac 25 euros<br class=\"gmail-html-br\" \/><span class=\"gmail-html-span gmail-xexx8yu gmail-x4uap5 gmail-x18d9i69 gmail-xkhd6sd gmail-x1hl2dhg gmail-x16tdsg8 gmail-x1vvkbs gmail-x3nfvp2 gmail-x1j61x8r gmail-x1fcty0u gmail-xdj266r gmail-xat24cr gmail-xgzva0m gmail-xhhsvwb gmail-xxymvpz gmail-xlup9mm gmail-x1kky2od\"><img loading=\"lazy\" decoding=\"async\" class=\"gmail-xz74otr gmail-x168nmei gmail-x13lgxp2 gmail-x5pf9jr gmail-xo71vjh\" src=\"https:\/\/static.xx.fbcdn.net\/images\/emoji.php\/v9\/t4d\/1\/16\/1f4de.png\" alt=\"\ud83d\udcde\" width=\"16\" height=\"16\" \/><\/span> R\u00e9sa : 05 63 55 14 52<\/div>\n<\/div>\n<p>&nbsp;<\/p>\n<p>&nbsp;<\/p>\n","protected":false},"excerpt":{"rendered":"<div class=\"mh-excerpt\">Samedi 7 juin 2025 \/ 19h<\/div>\n","protected":false},"author":9,"featured_media":44336,"comment_status":"open","ping_status":"open","sticky":false,"template":"","format":"standard","meta":{"om_disable_all_campaigns":false,"advanced_seo_description":"","jetpack_seo_html_title":"","jetpack_seo_noindex":false,"_jetpack_memberships_contains_paid_content":false,"footnotes":"","_links_to":"","_links_to_target":""},"categories":[52,54,25,6352],"tags":[2548,3830,5052,6397],"class_list":{"0":"post-65304","1":"post","2":"type-post","3":"status-publish","4":"format-standard","5":"has-post-thumbnail","7":"category-parlons-en","8":"category-loisirs","9":"category-salvagnac","10":"category-n231-juin-2025","11":"tag-salvagnac","12":"tag-cafe-au-bord-du-monde","13":"tag-cine-rencontre","14":"tag-s2325"},"jetpack_featured_media_url":"https:\/\/i0.wp.com\/www.o-p-i.fr\/parlonsen\/wp-content\/uploads\/logo-bord-du-monde.jpg?fit=198%2C198&ssl=1","views":{"total":10,"cached_at":"","cached_date":1738535001},"jetpack_likes_enabled":true,"jetpack_sharing_enabled":true,"jetpack_shortlink":"https:\/\/wp.me\/pg7Wxj-gZi","jetpack-related-posts":[],"_links":{"self":[{"href":"https:\/\/www.o-p-i.fr\/parlonsen\/wp-json\/wp\/v2\/posts\/65304","targetHints":{"allow":["GET"]}}],"collection":[{"href":"https:\/\/www.o-p-i.fr\/parlonsen\/wp-json\/wp\/v2\/posts"}],"about":[{"href":"https:\/\/www.o-p-i.fr\/parlonsen\/wp-json\/wp\/v2\/types\/post"}],"author":[{"embeddable":true,"href":"https:\/\/www.o-p-i.fr\/parlonsen\/wp-json\/wp\/v2\/users\/9"}],"replies":[{"embeddable":true,"href":"https:\/\/www.o-p-i.fr\/parlonsen\/wp-json\/wp\/v2\/comments?post=65304"}],"version-history":[{"count":0,"href":"https:\/\/www.o-p-i.fr\/parlonsen\/wp-json\/wp\/v2\/posts\/65304\/revisions"}],"wp:featuredmedia":[{"embeddable":true,"href":"https:\/\/www.o-p-i.fr\/parlonsen\/wp-json\/wp\/v2\/media\/44336"}],"wp:attachment":[{"href":"https:\/\/www.o-p-i.fr\/parlonsen\/wp-json\/wp\/v2\/media?parent=65304"}],"wp:term":[{"taxonomy":"category","embeddable":true,"href":"https:\/\/www.o-p-i.fr\/parlonsen\/wp-json\/wp\/v2\/categories?post=65304"},{"taxonomy":"post_tag","embeddable":true,"href":"https:\/\/www.o-p-i.fr\/parlonsen\/wp-json\/wp\/v2\/tags?post=65304"}],"curies":[{"name":"wp","href":"https:\/\/api.w.org\/{rel}","templated":true}]}}