{"id":65309,"date":"2025-06-06T13:11:07","date_gmt":"2025-06-06T11:11:07","guid":{"rendered":"https:\/\/www.o-p-i.fr\/parlonsen\/?p=65309"},"modified":"2025-06-06T13:38:08","modified_gmt":"2025-06-06T11:38:08","slug":"lamichemin-les-sisteres-de-bois-a-monclar-82","status":"publish","type":"post","link":"https:\/\/www.o-p-i.fr\/parlonsen\/parlons-en\/culture\/lamichemin-les-sisteres-de-bois-a-monclar-82\/","title":{"rendered":"LaMICHEmin &#8211; Les Sist\u00e8res de bois &#8230; \u00e0 Monclar (82)"},"content":{"rendered":"<div class=\"tribe-events-single-event-description tribe-events-content\">\n<p><img data-recalc-dims=\"1\" loading=\"lazy\" decoding=\"async\" class=\"alignnone size-medium\" src=\"https:\/\/i0.wp.com\/www.lamichemin.fr\/wp-content\/uploads\/2025\/05\/Spectacle-le-progres-1024x576.jpg?resize=1024%2C576&#038;ssl=1\" width=\"1024\" height=\"576\" \/><\/p>\n<div class=\"tribe-events-schedule tribe-clearfix\">\n<div class=\"tribe-events-schedule tribe-clearfix\">\n<h2><span class=\"tribe-event-date-start\">7 juin \u00e0 18h30<\/span> &#8211; <span class=\"tribe-event-time\">19h30<\/span><\/h2>\n<\/div>\n<\/div>\n<div class=\"tribe-events-single-event-description tribe-events-content\">\n<p>Trio Claquettes et Goguettes R\u00e9tro-progressiste le <strong>Samedi 7 Juin<\/strong> \u00e0 18h30 avec les Sist\u00e8res de bois \u00e0 l\u2019aMICHEmin.<\/p>\n<p>Les Sist\u00e8res de bois, arriv\u00e9es tout droit de la For\u00eat de la Gr\u00e9signe \u00e0 cheval (sur le rythme mais aussi sur le style \u2026) nous racontent comment elles ont \u00e9t\u00e9 propuls\u00e9es dans la grande aventure du\u2026\u00a0\u00bbProgr\u00e8s\u00a0\u00bb !<br \/>\nnotamment gr\u00e2ce \u00e0 leur rencontre passionn\u00e9e avec Mr Smartphone\u2026<br \/>\nUn spectacle plein d\u2019\u00e9nergie, de fra\u00eecheur et d\u2019autod\u00e9rision qui m\u00eale claquettes, sketchs et chansons kitsch. Tout cela avec un regard critique sur notre soci\u00e9t\u00e9 du tout num\u00e9rique.<\/p>\n<p>Apres plusieurs ann\u00e9es \u00e0 pratiquer ensemble les claquettes, ces trois artistes tarnaises ont eu l\u2019envie de se retrouver pour co-cr\u00e9er un spectacle m\u00ealant claquettes, chanson, humour tout en questionnant la place de la<br \/>\ntechnologie dans nos vies. Apres avoir pr\u00e9sent\u00e9 en 2021 une forme courte du spectacle aux \u00ab\u00a0Balladines de Penne\u00a0\u00bb et re\u00e7u un accueil tr\u00e8s enthousiaste du public, elles d\u00e9cident de se lancer dans l\u2019\u00e9criture d\u2019un spectacle.<\/p>\n<p>Le format actuel est de 45 min et il r\u00e9jouit autant les petits (par son aspect visuel, clownesque et musical) que les grands (par son humour grin\u00e7ant\u2026)<\/p>\n<p>INFOS PRATIQUES<br \/>\n\ud83d\udd96\ud83c\udffc Ouvert \u00e0 tous\u00b7tes<br \/>\n\ud83d\udd0e L\u2019aMICHEmin, int\u00e9rieur\/ext\u00e9rieur<br \/>\n\ud83d\udcb6 Gratuit \u2013 Adh\u00e9sion libre et n\u00e9cessaire<\/p>\n<\/div>\n<\/div>\n","protected":false},"excerpt":{"rendered":"<div class=\"mh-excerpt\">7 juin \u00e0 18h30 &#8211; 19h30 Trio Claquettes et Goguettes R\u00e9tro-progressiste le Samedi 7 Juin \u00e0 18h30 avec les Sist\u00e8res de bois \u00e0 l\u2019aMICHEmin. Les Sist\u00e8res de bois, arriv\u00e9es tout droit de la For\u00eat de <a class=\"mh-excerpt-more\" href=\"https:\/\/www.o-p-i.fr\/parlonsen\/parlons-en\/culture\/lamichemin-les-sisteres-de-bois-a-monclar-82\/\" title=\"LaMICHEmin &#8211; Les Sist\u00e8res de bois &#8230; \u00e0 Monclar (82)\">[&#8230;]<\/a><\/div>\n","protected":false},"author":9,"featured_media":55823,"comment_status":"open","ping_status":"open","sticky":false,"template":"","format":"standard","meta":{"om_disable_all_campaigns":false,"advanced_seo_description":"","jetpack_seo_html_title":"","jetpack_seo_noindex":false,"_jetpack_memberships_contains_paid_content":false,"footnotes":"","_links_to":"","_links_to_target":""},"categories":[52,1,54,16,31,6352],"tags":[4936,5164,6340,6397,132,143],"class_list":{"0":"post-65309","1":"post","2":"type-post","3":"status-publish","4":"format-standard","5":"has-post-thumbnail","7":"category-parlons-en","8":"category-culture","9":"category-loisirs","10":"category-monclar","11":"category-montgaillard","12":"category-n231-juin-2025","13":"tag-cafe-associatif","14":"tag-lamichemin","15":"tag-a-la-une","16":"tag-s2325","17":"tag-spectacle","18":"tag-monclar-de-quercy"},"jetpack_featured_media_url":"https:\/\/i0.wp.com\/www.o-p-i.fr\/parlonsen\/wp-content\/uploads\/lamichemin-en-tete.jpeg?fit=836%2C448&ssl=1","views":{"total":18,"cached_at":"","cached_date":1738518353},"jetpack_likes_enabled":true,"jetpack_sharing_enabled":true,"jetpack_shortlink":"https:\/\/wp.me\/pg7Wxj-gZn","jetpack-related-posts":[],"_links":{"self":[{"href":"https:\/\/www.o-p-i.fr\/parlonsen\/wp-json\/wp\/v2\/posts\/65309","targetHints":{"allow":["GET"]}}],"collection":[{"href":"https:\/\/www.o-p-i.fr\/parlonsen\/wp-json\/wp\/v2\/posts"}],"about":[{"href":"https:\/\/www.o-p-i.fr\/parlonsen\/wp-json\/wp\/v2\/types\/post"}],"author":[{"embeddable":true,"href":"https:\/\/www.o-p-i.fr\/parlonsen\/wp-json\/wp\/v2\/users\/9"}],"replies":[{"embeddable":true,"href":"https:\/\/www.o-p-i.fr\/parlonsen\/wp-json\/wp\/v2\/comments?post=65309"}],"version-history":[{"count":0,"href":"https:\/\/www.o-p-i.fr\/parlonsen\/wp-json\/wp\/v2\/posts\/65309\/revisions"}],"wp:featuredmedia":[{"embeddable":true,"href":"https:\/\/www.o-p-i.fr\/parlonsen\/wp-json\/wp\/v2\/media\/55823"}],"wp:attachment":[{"href":"https:\/\/www.o-p-i.fr\/parlonsen\/wp-json\/wp\/v2\/media?parent=65309"}],"wp:term":[{"taxonomy":"category","embeddable":true,"href":"https:\/\/www.o-p-i.fr\/parlonsen\/wp-json\/wp\/v2\/categories?post=65309"},{"taxonomy":"post_tag","embeddable":true,"href":"https:\/\/www.o-p-i.fr\/parlonsen\/wp-json\/wp\/v2\/tags?post=65309"}],"curies":[{"name":"wp","href":"https:\/\/api.w.org\/{rel}","templated":true}]}}