{"id":65381,"date":"2025-06-12T13:20:10","date_gmt":"2025-06-12T11:20:10","guid":{"rendered":"https:\/\/www.o-p-i.fr\/parlonsen\/?p=65381"},"modified":"2025-06-12T13:28:34","modified_gmt":"2025-06-12T11:28:34","slug":"bdm-degustation-domaine-laccalmie-avec-anne-camille-boucher-a-salvagnac-81","status":"publish","type":"post","link":"https:\/\/www.o-p-i.fr\/parlonsen\/localisation\/au-pays-des-tescous\/salvagnac\/bdm-degustation-domaine-laccalmie-avec-anne-camille-boucher-a-salvagnac-81\/","title":{"rendered":"BDM &#8211; D\u00e9gustation domaine l&rsquo;ACCALMIE, avec Anne Camille Boucher &#8230; \u00e0 Salvagnac (81)"},"content":{"rendered":"<p><strong><span class=\"gmail-x6zurak gmail-x18bv5gf gmail-x184q3qc gmail-xqxll94 gmail-x1s928wv gmail-xhkezso gmail-x1gmr53x gmail-x1cpjm7i gmail-x1fgarty gmail-x1943h6x gmail-x193iq5w gmail-xeuugli gmail-x13faqbe gmail-x1vvkbs gmail-x1lliihq gmail-xzsf02u gmail-xlh3980 gmail-xvmahel gmail-x1x9mg3 gmail-xo1l8bm\" dir=\"auto\">Vendredi 13 juin 2025 \/ 19h<\/span><\/strong><\/p>\n<p><!--more--><\/p>\n<div class=\"gmail-xdj266r gmail-x11i5rnm gmail-xat24cr gmail-x1mh8g0r gmail-x1vvkbs\">\n<p><img data-recalc-dims=\"1\" loading=\"lazy\" decoding=\"async\" class=\"size-medium wp-image-65383 alignright\" src=\"https:\/\/i0.wp.com\/www.o-p-i.fr\/parlonsen\/wp-content\/uploads\/Cafe-ABDM-Degustation-vins.jpg?resize=300%2C157&#038;ssl=1\" alt=\"\" width=\"300\" height=\"157\" srcset=\"https:\/\/i0.wp.com\/www.o-p-i.fr\/parlonsen\/wp-content\/uploads\/Cafe-ABDM-Degustation-vins.jpg?resize=300%2C157&amp;ssl=1 300w, https:\/\/i0.wp.com\/www.o-p-i.fr\/parlonsen\/wp-content\/uploads\/Cafe-ABDM-Degustation-vins.jpg?resize=1024%2C536&amp;ssl=1 1024w, https:\/\/i0.wp.com\/www.o-p-i.fr\/parlonsen\/wp-content\/uploads\/Cafe-ABDM-Degustation-vins.jpg?resize=768%2C402&amp;ssl=1 768w, https:\/\/i0.wp.com\/www.o-p-i.fr\/parlonsen\/wp-content\/uploads\/Cafe-ABDM-Degustation-vins.jpg?w=1200&amp;ssl=1 1200w\" sizes=\"auto, (max-width: 300px) 100vw, 300px\" \/><\/p>\n<div class=\"gmail-x11i5rnm gmail-xat24cr gmail-x1mh8g0r gmail-x1vvkbs gmail-xtlvy1s\">L\u2019Accalmie c\u2019est une vigneronne qui travaille 4 hectares de vignes conduites en agriculture biologique et sous mention nature et progr\u00e8s, situ\u00e9es sur les coteaux argilo calcaires de la vall\u00e9e de la v\u00e8re.<\/div>\n<div class=\"gmail-x11i5rnm gmail-xat24cr gmail-x1mh8g0r gmail-x1vvkbs gmail-xtlvy1s\"><\/div>\n<div class=\"gmail-x11i5rnm gmail-xat24cr gmail-x1mh8g0r gmail-x1vvkbs gmail-xtlvy1s\">Ces vignes sont situ\u00e9es sur la commune du Verdier et entour\u00e9es de foret de ch\u00eanes dans un cadre pr\u00e9serv\u00e9 avec une biodiversit\u00e9 tr\u00e8s riche<\/div>\n<div class=\"gmail-x11i5rnm gmail-xat24cr gmail-x1mh8g0r gmail-x1vvkbs gmail-xtlvy1s\">&#8211; 4 c\u00e9pages rouges : duras, braucol (typiques du gaillacois), syrah et merlot <br class=\"gmail-html-br\" \/>&#8211; 3 c\u00e9pages blancs : mauzac et loin de l\u2019\u0153il (gaillacois), sauvignon<\/div>\n<div class=\"gmail-x11i5rnm gmail-xat24cr gmail-x1mh8g0r gmail-x1vvkbs gmail-xtlvy1s\">La majorit\u00e9 des parcelles sont sur des sols argilo-calcaires riches et un sous-sol marneux. Avec des ilots o\u00f9 le calcaire est plus dominant, et d\u2019autres avec d\u00e9gradations d\u2019\u00e9l\u00e9ments siliceux comme le silex.<\/div>\n<div class=\"gmail-x11i5rnm gmail-xat24cr gmail-x1mh8g0r gmail-x1vvkbs gmail-xtlvy1s\"><\/div>\n<div class=\"gmail-x11i5rnm gmail-xat24cr gmail-x1mh8g0r gmail-x1vvkbs gmail-xtlvy1s\">Le chai de vinification est construit en paille et bois, avec enduit chaux sable en chantier collectif au milieu des vignes.<br class=\"gmail-html-br\" \/>A la cave, les vins sont travaill\u00e9s sans ajouts d\u2019intrants \u0153nologiques, ce sont des levures indig\u00e8nes qui op\u00e8rent la fermentation. L\u2019utilisation des sulfites est possible pour certaines cuv\u00e9es en dose tr\u00e8s restreinte.<br class=\"gmail-html-br\" \/>______________________<br class=\"gmail-html-br\" \/>INFOS PRATIQUES<br class=\"gmail-html-br\" \/><span class=\"gmail-html-span gmail-xexx8yu gmail-x4uap5 gmail-x18d9i69 gmail-xkhd6sd gmail-x1hl2dhg gmail-x16tdsg8 gmail-x1vvkbs gmail-x3nfvp2 gmail-x1j61x8r gmail-x1fcty0u gmail-xdj266r gmail-xat24cr gmail-xgzva0m gmail-xhhsvwb gmail-xxymvpz gmail-xlup9mm gmail-x1kky2od\"><img loading=\"lazy\" decoding=\"async\" class=\"gmail-xz74otr gmail-x168nmei gmail-x13lgxp2 gmail-x5pf9jr gmail-xo71vjh\" src=\"https:\/\/static.xx.fbcdn.net\/images\/emoji.php\/v9\/t2d\/1\/16\/1f4cd.png\" alt=\"\ud83d\udccd\" width=\"16\" height=\"16\" \/><\/span> Caf\u00e9 Au bord du monde, Salvagnac, Tarn<br class=\"gmail-html-br\" \/>\u20ac Tarifs cave pour les bouteilles \u00e0 emporter<br class=\"gmail-html-br\" \/><span class=\"gmail-html-span gmail-xexx8yu gmail-x4uap5 gmail-x18d9i69 gmail-xkhd6sd gmail-x1hl2dhg gmail-x16tdsg8 gmail-x1vvkbs gmail-x3nfvp2 gmail-x1j61x8r gmail-x1fcty0u gmail-xdj266r gmail-xat24cr gmail-xgzva0m gmail-xhhsvwb gmail-xxymvpz gmail-xlup9mm gmail-x1kky2od\"><img loading=\"lazy\" decoding=\"async\" class=\"gmail-xz74otr gmail-x168nmei gmail-x13lgxp2 gmail-x5pf9jr gmail-xo71vjh\" src=\"https:\/\/static.xx.fbcdn.net\/images\/emoji.php\/v9\/t4d\/1\/16\/1f4de.png\" alt=\"\ud83d\udcde\" width=\"16\" height=\"16\" \/><\/span> R\u00e9sa pour les burgers: 05 63 55 14 52<\/div>\n<\/div>\n<p>&nbsp;<\/p>\n<p>&nbsp;<\/p>\n","protected":false},"excerpt":{"rendered":"<div class=\"mh-excerpt\">Vendredi 13 juin 2025 \/ 19h<\/div>\n","protected":false},"author":9,"featured_media":44336,"comment_status":"open","ping_status":"open","sticky":false,"template":"","format":"standard","meta":{"om_disable_all_campaigns":false,"advanced_seo_description":"","jetpack_seo_html_title":"","jetpack_seo_noindex":false,"_jetpack_memberships_contains_paid_content":false,"footnotes":"","_links_to":"","_links_to_target":""},"categories":[52,54,25,6352],"tags":[6399,2548,3830,5052,6340],"class_list":{"0":"post-65381","1":"post","2":"type-post","3":"status-publish","4":"format-standard","5":"has-post-thumbnail","7":"category-parlons-en","8":"category-loisirs","9":"category-salvagnac","10":"category-n231-juin-2025","11":"tag-s2425","12":"tag-salvagnac","13":"tag-cafe-au-bord-du-monde","14":"tag-cine-rencontre","15":"tag-a-la-une"},"jetpack_featured_media_url":"https:\/\/i0.wp.com\/www.o-p-i.fr\/parlonsen\/wp-content\/uploads\/logo-bord-du-monde.jpg?fit=198%2C198&ssl=1","views":{"total":10,"cached_at":"","cached_date":1738535001},"jetpack_likes_enabled":true,"jetpack_sharing_enabled":true,"jetpack_shortlink":"https:\/\/wp.me\/pg7Wxj-h0x","jetpack-related-posts":[],"_links":{"self":[{"href":"https:\/\/www.o-p-i.fr\/parlonsen\/wp-json\/wp\/v2\/posts\/65381","targetHints":{"allow":["GET"]}}],"collection":[{"href":"https:\/\/www.o-p-i.fr\/parlonsen\/wp-json\/wp\/v2\/posts"}],"about":[{"href":"https:\/\/www.o-p-i.fr\/parlonsen\/wp-json\/wp\/v2\/types\/post"}],"author":[{"embeddable":true,"href":"https:\/\/www.o-p-i.fr\/parlonsen\/wp-json\/wp\/v2\/users\/9"}],"replies":[{"embeddable":true,"href":"https:\/\/www.o-p-i.fr\/parlonsen\/wp-json\/wp\/v2\/comments?post=65381"}],"version-history":[{"count":0,"href":"https:\/\/www.o-p-i.fr\/parlonsen\/wp-json\/wp\/v2\/posts\/65381\/revisions"}],"wp:featuredmedia":[{"embeddable":true,"href":"https:\/\/www.o-p-i.fr\/parlonsen\/wp-json\/wp\/v2\/media\/44336"}],"wp:attachment":[{"href":"https:\/\/www.o-p-i.fr\/parlonsen\/wp-json\/wp\/v2\/media?parent=65381"}],"wp:term":[{"taxonomy":"category","embeddable":true,"href":"https:\/\/www.o-p-i.fr\/parlonsen\/wp-json\/wp\/v2\/categories?post=65381"},{"taxonomy":"post_tag","embeddable":true,"href":"https:\/\/www.o-p-i.fr\/parlonsen\/wp-json\/wp\/v2\/tags?post=65381"}],"curies":[{"name":"wp","href":"https:\/\/api.w.org\/{rel}","templated":true}]}}