{"id":65432,"date":"2025-06-15T20:05:27","date_gmt":"2025-06-15T18:05:27","guid":{"rendered":"https:\/\/www.o-p-i.fr\/parlonsen\/?p=65432"},"modified":"2025-08-16T02:52:53","modified_gmt":"2025-08-16T00:52:53","slug":"29eme-festival-des-chateaux-a-bruniquel-82","status":"publish","type":"post","link":"https:\/\/www.o-p-i.fr\/parlonsen\/parlons-en\/loisirs\/29eme-festival-des-chateaux-a-bruniquel-82\/","title":{"rendered":"29\u00e8me festival des Ch\u00e2teaux &#8230; \u00e0 Bruniquel (82)"},"content":{"rendered":"<p>Du <strong>jeudi 31 juillet au dimanche 10 ao\u00fbt 2025<\/strong>,<\/p>\n<p><!--more--><img data-recalc-dims=\"1\" loading=\"lazy\" decoding=\"async\" class=\"alignright size-full wp-image-65433\" src=\"https:\/\/i0.wp.com\/www.o-p-i.fr\/parlonsen\/wp-content\/uploads\/Pericole-2.jpg?resize=425%2C626&#038;ssl=1\" alt=\"\" width=\"425\" height=\"626\" srcset=\"https:\/\/i0.wp.com\/www.o-p-i.fr\/parlonsen\/wp-content\/uploads\/Pericole-2.jpg?w=425&amp;ssl=1 425w, https:\/\/i0.wp.com\/www.o-p-i.fr\/parlonsen\/wp-content\/uploads\/Pericole-2.jpg?resize=204%2C300&amp;ssl=1 204w\" sizes=\"auto, (max-width: 425px) 100vw, 425px\" \/><\/p>\n<h3 style=\"text-align: center;\">29\u00e8me Festival des Ch\u00e2teaux de Bruniquel<\/h3>\n<p>En Tarn et Garonne, dans un des plus beaux villages de France, les Ch\u00e2teaux accueillent pendant 3 semaines des concerts, des stages et une pi\u00e8ce d&rsquo;Offenbach mise en sc\u00e8ne en plein air, dans le d\u00e9cor naturel.<br \/>\nApr\u00e8s le spectacle, le public peut participer aux fameuses Tables d&rsquo;H\u00f4tes en compagnie des artistes. Grand banquet donnant lieu \u00e0 des chants improvis\u00e9s de la part des artistes, et parfois du public. Simplicit\u00e9 et convivialit\u00e9. Le Bonheur est l\u00e0!<\/p>\n<p>En 2025, La P\u00e9richole &#8211; Op\u00e9ra bouffe de Jacques Offenbach .<br \/>\nMis en sc\u00e8ne en plein air, dans le d\u00e9cor naturel des Ch\u00e2teaux de Bruniquel.<\/p>\n<p>Plus de 50 ex\u00e9cutants sur sc\u00e8ne &#8211;<\/p>\n<p><strong>\u00e0 21h30 du 31 juillet au 03 aout et du 06 au 10 ao\u00fbt 2025<\/strong><\/p>\n<p>Suivi d&rsquo;une Table d&rsquo;H\u00f4tes en compagnie des artistes dans la cour des Ch\u00e2teaux.<\/p>\n<p>De quelle heure \u00e0 quelle heure ? 21h30 \u00e0 00:00<br \/>\nAdresse de l&rsquo;\u00e9v\u00e8nement<br \/>\nRue du Ch\u00e2teau<br \/>\nEsplanade des Ch\u00e2teaux de Bruniquel<\/p>\n<p>Tarif principal: 34\u20ac plein tarif<br \/>\nTarif r\u00e9duit : 31\u20ac 10\/14 ans<br \/>\n<strong>Organisateur de l&rsquo;\u00e9n\u00e8vement:<\/strong><br \/>\nCompagnie de la Tour Brunehaut<br \/>\nAdresse : Rue du Ch\u00e2teau<br \/>\nT\u00e9l\u00e9phone : 05 63 67 29 84<br \/>\nCourriel : <a href=\"mailto:festival@bruniqueloff.com\" target=\"_blank\" rel=\"noopener\">festival@bruniqueloff.com<\/a><\/p>\n<p><em>Information communiqu\u00e9e par Frank THEZAN<\/em><\/p>\n<p><a href=\"http:\/\/www.o-p-i.fr\/parlonsen\/agenda\/\">Retrouvez tous les \u00e9v\u00e9nements dans l&rsquo;agenda !<\/a><\/p>\n","protected":false},"excerpt":{"rendered":"<div class=\"mh-excerpt\">Du jeudi 31 juillet au dimanche 10 ao\u00fbt 2025,<\/div>\n","protected":false},"author":4,"featured_media":59483,"comment_status":"open","ping_status":"open","sticky":false,"template":"","format":"standard","meta":{"om_disable_all_campaigns":false,"advanced_seo_description":"","jetpack_seo_html_title":"","jetpack_seo_noindex":false,"_jetpack_memberships_contains_paid_content":false,"footnotes":"","_links_to":"","_links_to_target":""},"categories":[6422,54,6374,6375],"tags":[4320,6454,677],"class_list":{"0":"post-65432","1":"post","2":"type-post","3":"status-publish","4":"format-standard","5":"has-post-thumbnail","7":"category-bruniquel","8":"category-loisirs","9":"category-n232-juillet-2025","10":"category-n233-aout-2025","11":"tag-chateau-de-bruniquel","12":"tag-s3025","13":"tag-festival"},"jetpack_featured_media_url":"https:\/\/i0.wp.com\/www.o-p-i.fr\/parlonsen\/wp-content\/uploads\/Bruniquel-logo.jpg?fit=276%2C181&ssl=1","views":"","jetpack_likes_enabled":true,"jetpack_sharing_enabled":true,"jetpack_shortlink":"https:\/\/wp.me\/pg7Wxj-h1m","jetpack-related-posts":[],"_links":{"self":[{"href":"https:\/\/www.o-p-i.fr\/parlonsen\/wp-json\/wp\/v2\/posts\/65432","targetHints":{"allow":["GET"]}}],"collection":[{"href":"https:\/\/www.o-p-i.fr\/parlonsen\/wp-json\/wp\/v2\/posts"}],"about":[{"href":"https:\/\/www.o-p-i.fr\/parlonsen\/wp-json\/wp\/v2\/types\/post"}],"author":[{"embeddable":true,"href":"https:\/\/www.o-p-i.fr\/parlonsen\/wp-json\/wp\/v2\/users\/4"}],"replies":[{"embeddable":true,"href":"https:\/\/www.o-p-i.fr\/parlonsen\/wp-json\/wp\/v2\/comments?post=65432"}],"version-history":[{"count":0,"href":"https:\/\/www.o-p-i.fr\/parlonsen\/wp-json\/wp\/v2\/posts\/65432\/revisions"}],"wp:featuredmedia":[{"embeddable":true,"href":"https:\/\/www.o-p-i.fr\/parlonsen\/wp-json\/wp\/v2\/media\/59483"}],"wp:attachment":[{"href":"https:\/\/www.o-p-i.fr\/parlonsen\/wp-json\/wp\/v2\/media?parent=65432"}],"wp:term":[{"taxonomy":"category","embeddable":true,"href":"https:\/\/www.o-p-i.fr\/parlonsen\/wp-json\/wp\/v2\/categories?post=65432"},{"taxonomy":"post_tag","embeddable":true,"href":"https:\/\/www.o-p-i.fr\/parlonsen\/wp-json\/wp\/v2\/tags?post=65432"}],"curies":[{"name":"wp","href":"https:\/\/api.w.org\/{rel}","templated":true}]}}