{"id":65458,"date":"2025-06-19T06:32:34","date_gmt":"2025-06-19T04:32:34","guid":{"rendered":"https:\/\/www.o-p-i.fr\/parlonsen\/?p=65458"},"modified":"2025-06-19T12:39:24","modified_gmt":"2025-06-19T10:39:24","slug":"dansez-la-terre-a-salvagnac-81","status":"publish","type":"post","link":"https:\/\/www.o-p-i.fr\/parlonsen\/parlons-en\/pratique\/dansez-la-terre-a-salvagnac-81\/","title":{"rendered":"\u00ab\u00a0Dansez la Terre\u00a0\u00bb&#8230; \u00e0 Salvagnac (81)"},"content":{"rendered":"<p><strong>Dimanche 22 juin 2025<\/strong>, \u00e0 17 h., Les G\u00e9lis.<!--more--><img data-recalc-dims=\"1\" loading=\"lazy\" decoding=\"async\" class=\"alignright size-full wp-image-65459\" src=\"https:\/\/i0.wp.com\/www.o-p-i.fr\/parlonsen\/wp-content\/uploads\/contes-6.jpg?resize=425%2C222&#038;ssl=1\" alt=\"\" width=\"425\" height=\"222\" srcset=\"https:\/\/i0.wp.com\/www.o-p-i.fr\/parlonsen\/wp-content\/uploads\/contes-6.jpg?w=425&amp;ssl=1 425w, https:\/\/i0.wp.com\/www.o-p-i.fr\/parlonsen\/wp-content\/uploads\/contes-6.jpg?resize=300%2C157&amp;ssl=1 300w\" sizes=\"auto, (max-width: 425px) 100vw, 425px\" \/>Un spectacle communion qui cherche \u00e0 tourner. pour ceux qui voudraient bien monter sur le pont et mieux rencontrer l&rsquo;autre&#8230;<br \/>\nVoil\u00e0 une invitation pour le d\u00e9couvrir Et aussi un cercle de chants m\u00e9decine am\u00e9rindien. sur Salvagnac (81)&#8230;Au plaisir de la rencontre,<br \/>\nNaemie<br \/>\npresentation de la proposition:<br \/>\nDans ce monde de paix auquel nous aspirons, nous sommes appel\u00e9s \u00e0 \u00eatre ces ponts entre les mondes, les cultures, les races, les classes sociales , les sexes, les genres&#8230;<br \/>\nMais comment rencontrer l\u2019Autre si diff\u00e9rent ? Douce question !<br \/>\nLa Conteuse et son acolyte nous embarquent dans la profondeur des relations humaines. Trois histoires, trois chansons qui touchent et r\u00e9v\u00e8lent ce que chacun de nous peut traverser : les contradictions, les attirances, les gliss\u00e9s, les tressages, les effusions qui naissent quand il s\u2019agit d\u2019\u00eatre deux.<br \/>\nCe spectacle est suivi pour ceux et celles qui le souhaitent d&rsquo;un Cercle de Chant M\u00e9decine Am\u00e9rindienne, dans lequel nous chantons dans les 4 directions dans l&rsquo;optique de cr\u00e9er un groupe \u00e0 salvagnac.<br \/>\net d&rsquo;un moment de partage gustatif partag\u00e9.<\/p>\n<p>R\u00e9servation: 06 44 09 11 32<\/p>\n<p><em>Information communiqu\u00e9e par Cl\u00e9mentine VACHERESSE<\/em><\/p>\n<p><a href=\"http:\/\/www.o-p-i.fr\/parlonsen\/agenda\/\">Retrouvez tous les \u00e9v\u00e9nements dans l&rsquo;agenda !<\/a><\/p>\n","protected":false},"excerpt":{"rendered":"<div class=\"mh-excerpt\">Dimanche 22 juin 2025, \u00e0 17 h., Les G\u00e9lis.<\/div>\n","protected":false},"author":4,"featured_media":44681,"comment_status":"open","ping_status":"open","sticky":false,"template":"","format":"standard","meta":{"om_disable_all_campaigns":false,"advanced_seo_description":"","jetpack_seo_html_title":"","jetpack_seo_noindex":false,"_jetpack_memberships_contains_paid_content":false,"footnotes":"","_links_to":"","_links_to_target":""},"categories":[54,6,25,6352],"tags":[2548,6406,6407],"class_list":{"0":"post-65458","1":"post","2":"type-post","3":"status-publish","4":"format-standard","5":"has-post-thumbnail","7":"category-loisirs","8":"category-pratique","9":"category-salvagnac","10":"category-n231-juin-2025","11":"tag-salvagnac","12":"tag-s2525","13":"tag-les-gelis"},"jetpack_featured_media_url":"https:\/\/i0.wp.com\/www.o-p-i.fr\/parlonsen\/wp-content\/uploads\/bibli-Salvagnac.jpg?fit=283%2C191&ssl=1","views":"","jetpack_likes_enabled":true,"jetpack_sharing_enabled":true,"jetpack_shortlink":"https:\/\/wp.me\/pg7Wxj-h1M","jetpack-related-posts":[],"_links":{"self":[{"href":"https:\/\/www.o-p-i.fr\/parlonsen\/wp-json\/wp\/v2\/posts\/65458","targetHints":{"allow":["GET"]}}],"collection":[{"href":"https:\/\/www.o-p-i.fr\/parlonsen\/wp-json\/wp\/v2\/posts"}],"about":[{"href":"https:\/\/www.o-p-i.fr\/parlonsen\/wp-json\/wp\/v2\/types\/post"}],"author":[{"embeddable":true,"href":"https:\/\/www.o-p-i.fr\/parlonsen\/wp-json\/wp\/v2\/users\/4"}],"replies":[{"embeddable":true,"href":"https:\/\/www.o-p-i.fr\/parlonsen\/wp-json\/wp\/v2\/comments?post=65458"}],"version-history":[{"count":0,"href":"https:\/\/www.o-p-i.fr\/parlonsen\/wp-json\/wp\/v2\/posts\/65458\/revisions"}],"wp:featuredmedia":[{"embeddable":true,"href":"https:\/\/www.o-p-i.fr\/parlonsen\/wp-json\/wp\/v2\/media\/44681"}],"wp:attachment":[{"href":"https:\/\/www.o-p-i.fr\/parlonsen\/wp-json\/wp\/v2\/media?parent=65458"}],"wp:term":[{"taxonomy":"category","embeddable":true,"href":"https:\/\/www.o-p-i.fr\/parlonsen\/wp-json\/wp\/v2\/categories?post=65458"},{"taxonomy":"post_tag","embeddable":true,"href":"https:\/\/www.o-p-i.fr\/parlonsen\/wp-json\/wp\/v2\/tags?post=65458"}],"curies":[{"name":"wp","href":"https:\/\/api.w.org\/{rel}","templated":true}]}}