{"id":65468,"date":"2025-06-19T09:41:52","date_gmt":"2025-06-19T07:41:52","guid":{"rendered":"https:\/\/www.o-p-i.fr\/parlonsen\/?p=65468"},"modified":"2025-10-23T12:19:04","modified_gmt":"2025-10-23T10:19:04","slug":"en-cage-spectacle-a-montauban-82","status":"publish","type":"post","link":"https:\/\/www.o-p-i.fr\/parlonsen\/parlons-en\/culture\/en-cage-spectacle-a-montauban-82\/","title":{"rendered":"\u00ab\u00a0En cage\u00a0\u00bb, spectacle \u00e0 Montauban (82)"},"content":{"rendered":"<p><strong>Jeudi 23 octobre 2025,<\/strong> 3 s\u00e9ances au th\u00e9\u00e2tre de l&rsquo;Embellie:<!--more--><\/p>\n<p style=\"text-align: center;\"><img data-recalc-dims=\"1\" loading=\"lazy\" decoding=\"async\" class=\"size-full wp-image-65469 alignright\" src=\"https:\/\/i0.wp.com\/www.o-p-i.fr\/parlonsen\/wp-content\/uploads\/en-cage.jpg?resize=425%2C425&#038;ssl=1\" alt=\"\" width=\"425\" height=\"425\" srcset=\"https:\/\/i0.wp.com\/www.o-p-i.fr\/parlonsen\/wp-content\/uploads\/en-cage.jpg?w=425&amp;ssl=1 425w, https:\/\/i0.wp.com\/www.o-p-i.fr\/parlonsen\/wp-content\/uploads\/en-cage.jpg?resize=300%2C300&amp;ssl=1 300w, https:\/\/i0.wp.com\/www.o-p-i.fr\/parlonsen\/wp-content\/uploads\/en-cage.jpg?resize=50%2C50&amp;ssl=1 50w, https:\/\/i0.wp.com\/www.o-p-i.fr\/parlonsen\/wp-content\/uploads\/en-cage.jpg?resize=375%2C375&amp;ssl=1 375w\" sizes=\"auto, (max-width: 425px) 100vw, 425px\" \/><strong>En cage<\/strong><\/p>\n<p>C&rsquo;est l&rsquo;histoire de Charles, un hamster espi\u00e8gle et innocent qui nous raconte sa routine : boire, manger et faire de la roue ! Mais un jour il d\u00e9couvre le vaste monde ext\u00e9rieur et d\u00e9fini la signification de libert\u00e9 ! D\u00e8s lors et au gr\u00e8 de ses rencontres, il va tout faire pour \u00eatre libre !<\/p>\n<p>En savoir plus,<a href=\"https:\/\/www.youtube.com\/watch?v=YW7MRQ3aDu8&amp;ab_channel=CieGrainesContemplatives\" target=\"_blank\" rel=\"noopener\"> cliquez ici<\/a><\/p>\n<p>Date:\u00a0 23 octobre 2025<br \/>\n<strong>3 s\u00e9ances:\u00a0<\/strong><\/p>\n<ul>\n<li>de 10h \u00e0 11h,<\/li>\n<li>de 14h \u00e0 15h,<\/li>\n<li>de 17h \u00e0 18h<\/li>\n<\/ul>\n<p>Tarif principal 8 \u20ac<\/p>\n<figure id=\"attachment_18509\" aria-describedby=\"caption-attachment-18509\" style=\"width: 275px\" class=\"wp-caption alignleft\"><img data-recalc-dims=\"1\" loading=\"lazy\" decoding=\"async\" class=\" wp-image-18509\" src=\"https:\/\/i0.wp.com\/www.o-p-i.fr\/parlonsen\/wp-content\/uploads\/theatredelembellie.jpg?resize=275%2C101&#038;ssl=1\" alt=\"\" width=\"275\" height=\"101\" srcset=\"https:\/\/i0.wp.com\/www.o-p-i.fr\/parlonsen\/wp-content\/uploads\/theatredelembellie.jpg?w=600&amp;ssl=1 600w, https:\/\/i0.wp.com\/www.o-p-i.fr\/parlonsen\/wp-content\/uploads\/theatredelembellie.jpg?resize=300%2C110&amp;ssl=1 300w\" sizes=\"auto, (max-width: 275px) 100vw, 275px\" \/><figcaption id=\"caption-attachment-18509\" class=\"wp-caption-text\">Th\u00e9\u00e2tre de l&rsquo;Embellie &#8211; Montauban (82)<\/figcaption><\/figure>\n<p>Adresse de l&rsquo;\u00e9v\u00e8nement<br \/>\n828 Avenue de Bordeaux<br \/>\nth\u00e9\u00e2tre de l&#8217;embellie<\/p>\n<p>t\u00e9l: 05 63 91 96 20<br \/>\ncourriel : <a href=\"mailto:embellie82@gmail.com\" target=\"_blank\" rel=\"noopener\">embellie82@gmail.com<\/a><\/p>\n<p>Information communiqu\u00e9e par le Th\u00e9\u00e2tre de l&rsquo;Embellie<\/p>\n<p><a href=\"http:\/\/www.o-p-i.fr\/parlonsen\/agenda\/\">Retrouvez tous les \u00e9v\u00e9nements dans l&rsquo;agenda !<\/a><\/p>\n","protected":false},"excerpt":{"rendered":"<div class=\"mh-excerpt\">Jeudi 23 octobre 2025, 3 s\u00e9ances au th\u00e9\u00e2tre de l&rsquo;Embellie:<\/div>\n","protected":false},"author":4,"featured_media":18509,"comment_status":"open","ping_status":"open","sticky":false,"template":"","format":"standard","meta":{"om_disable_all_campaigns":false,"advanced_seo_description":"","jetpack_seo_html_title":"","jetpack_seo_noindex":false,"_jetpack_memberships_contains_paid_content":false,"footnotes":"","_links_to":"","_links_to_target":""},"categories":[1,6389,6414],"tags":[2736,6493],"class_list":{"0":"post-65468","1":"post","2":"type-post","3":"status-publish","4":"format-standard","5":"has-post-thumbnail","7":"category-culture","8":"category-n235-octobre-2025","9":"category-montauban","10":"tag-theatre-de-lembellie","11":"tag-s4325"},"jetpack_featured_media_url":"https:\/\/i0.wp.com\/www.o-p-i.fr\/parlonsen\/wp-content\/uploads\/theatredelembellie.jpg?fit=600%2C220&ssl=1","views":"","jetpack_likes_enabled":true,"jetpack_sharing_enabled":true,"jetpack_shortlink":"https:\/\/wp.me\/pg7Wxj-h1W","jetpack-related-posts":[],"_links":{"self":[{"href":"https:\/\/www.o-p-i.fr\/parlonsen\/wp-json\/wp\/v2\/posts\/65468","targetHints":{"allow":["GET"]}}],"collection":[{"href":"https:\/\/www.o-p-i.fr\/parlonsen\/wp-json\/wp\/v2\/posts"}],"about":[{"href":"https:\/\/www.o-p-i.fr\/parlonsen\/wp-json\/wp\/v2\/types\/post"}],"author":[{"embeddable":true,"href":"https:\/\/www.o-p-i.fr\/parlonsen\/wp-json\/wp\/v2\/users\/4"}],"replies":[{"embeddable":true,"href":"https:\/\/www.o-p-i.fr\/parlonsen\/wp-json\/wp\/v2\/comments?post=65468"}],"version-history":[{"count":0,"href":"https:\/\/www.o-p-i.fr\/parlonsen\/wp-json\/wp\/v2\/posts\/65468\/revisions"}],"wp:featuredmedia":[{"embeddable":true,"href":"https:\/\/www.o-p-i.fr\/parlonsen\/wp-json\/wp\/v2\/media\/18509"}],"wp:attachment":[{"href":"https:\/\/www.o-p-i.fr\/parlonsen\/wp-json\/wp\/v2\/media?parent=65468"}],"wp:term":[{"taxonomy":"category","embeddable":true,"href":"https:\/\/www.o-p-i.fr\/parlonsen\/wp-json\/wp\/v2\/categories?post=65468"},{"taxonomy":"post_tag","embeddable":true,"href":"https:\/\/www.o-p-i.fr\/parlonsen\/wp-json\/wp\/v2\/tags?post=65468"}],"curies":[{"name":"wp","href":"https:\/\/api.w.org\/{rel}","templated":true}]}}