{"id":65488,"date":"2025-06-19T13:29:58","date_gmt":"2025-06-19T11:29:58","guid":{"rendered":"https:\/\/www.o-p-i.fr\/parlonsen\/?p=65488"},"modified":"2025-06-19T13:29:58","modified_gmt":"2025-06-19T11:29:58","slug":"lamichemin-soiree-quizz-a-monclar-de-quercy-82","status":"publish","type":"post","link":"https:\/\/www.o-p-i.fr\/parlonsen\/localisation\/au-pays-des-tescous\/monclar\/lamichemin-soiree-quizz-a-monclar-de-quercy-82\/","title":{"rendered":"LaMICHEmin &#8211; Soir\u00e9e Quizz &#8230; \u00e0 Monclar de Quercy (82)"},"content":{"rendered":"<div class=\"tribe-events-single-event-description tribe-events-content\">\n<p><strong><img data-recalc-dims=\"1\" loading=\"lazy\" decoding=\"async\" class=\" alignright\" src=\"https:\/\/i0.wp.com\/www.lamichemin.fr\/wp-content\/uploads\/2024\/11\/Soiree-quizz-2025-1024x578.jpeg?resize=512%2C289&#038;ssl=1\" width=\"512\" height=\"289\" \/>Jeudi 19 juin, de<span class=\"tribe-event-date-start\">\u00a019h30<\/span> &#8211; <span class=\"tribe-event-time\">21h30<\/span><\/strong><\/p>\n<p>Venez participez \u00e0 cette soir\u00e9e Quizz de l\u2019aMICHEmin ! Ramenez vos amis, formez des \u00e9quipes et essayez de d\u00e9crocher la premi\u00e8re place dans ce challenge comprenant 35 questions m\u00e9langeant culture g\u00e9n\u00e9rale et blind test !<\/p>\n<p>Soir\u00e9e anim\u00e9e par Lo\u00efc, Tonton et Philippe.<\/p>\n<p>INFOS PRATIQUES<br \/>\n\ud83d\udd96\ud83c\udffc Ouvert \u00e0 tous\u00b7tes<br \/>\n\ud83d\udd0e L\u2019aMICHEmin, int\u00e9rieur<br \/>\n\ud83d\udcb6 Gratuit<\/p>\n<\/div>\n","protected":false},"excerpt":{"rendered":"<div class=\"mh-excerpt\">Jeudi 19 juin, de\u00a019h30 &#8211; 21h30 Venez participez \u00e0 cette soir\u00e9e Quizz de l\u2019aMICHEmin ! Ramenez vos amis, formez des \u00e9quipes et essayez de d\u00e9crocher la premi\u00e8re place dans ce challenge comprenant 35 questions m\u00e9langeant <a class=\"mh-excerpt-more\" href=\"https:\/\/www.o-p-i.fr\/parlonsen\/localisation\/au-pays-des-tescous\/monclar\/lamichemin-soiree-quizz-a-monclar-de-quercy-82\/\" title=\"LaMICHEmin &#8211; Soir\u00e9e Quizz &#8230; \u00e0 Monclar de Quercy (82)\">[&#8230;]<\/a><\/div>\n","protected":false},"author":9,"featured_media":55823,"comment_status":"open","ping_status":"open","sticky":false,"template":"","format":"standard","meta":{"om_disable_all_campaigns":false,"advanced_seo_description":"","jetpack_seo_html_title":"","jetpack_seo_noindex":false,"_jetpack_memberships_contains_paid_content":false,"footnotes":"","_links_to":"","_links_to_target":""},"categories":[52,16,54,6352],"tags":[143,4936,5164,6406],"class_list":{"0":"post-65488","1":"post","2":"type-post","3":"status-publish","4":"format-standard","5":"has-post-thumbnail","7":"category-parlons-en","8":"category-monclar","9":"category-loisirs","10":"category-n231-juin-2025","11":"tag-monclar-de-quercy","12":"tag-cafe-associatif","13":"tag-lamichemin","14":"tag-s2525"},"jetpack_featured_media_url":"https:\/\/i0.wp.com\/www.o-p-i.fr\/parlonsen\/wp-content\/uploads\/lamichemin-en-tete.jpeg?fit=836%2C448&ssl=1","views":{"total":10,"cached_at":"","cached_date":1738509369},"jetpack_likes_enabled":true,"jetpack_sharing_enabled":true,"jetpack_shortlink":"https:\/\/wp.me\/pg7Wxj-h2g","jetpack-related-posts":[],"_links":{"self":[{"href":"https:\/\/www.o-p-i.fr\/parlonsen\/wp-json\/wp\/v2\/posts\/65488","targetHints":{"allow":["GET"]}}],"collection":[{"href":"https:\/\/www.o-p-i.fr\/parlonsen\/wp-json\/wp\/v2\/posts"}],"about":[{"href":"https:\/\/www.o-p-i.fr\/parlonsen\/wp-json\/wp\/v2\/types\/post"}],"author":[{"embeddable":true,"href":"https:\/\/www.o-p-i.fr\/parlonsen\/wp-json\/wp\/v2\/users\/9"}],"replies":[{"embeddable":true,"href":"https:\/\/www.o-p-i.fr\/parlonsen\/wp-json\/wp\/v2\/comments?post=65488"}],"version-history":[{"count":0,"href":"https:\/\/www.o-p-i.fr\/parlonsen\/wp-json\/wp\/v2\/posts\/65488\/revisions"}],"wp:featuredmedia":[{"embeddable":true,"href":"https:\/\/www.o-p-i.fr\/parlonsen\/wp-json\/wp\/v2\/media\/55823"}],"wp:attachment":[{"href":"https:\/\/www.o-p-i.fr\/parlonsen\/wp-json\/wp\/v2\/media?parent=65488"}],"wp:term":[{"taxonomy":"category","embeddable":true,"href":"https:\/\/www.o-p-i.fr\/parlonsen\/wp-json\/wp\/v2\/categories?post=65488"},{"taxonomy":"post_tag","embeddable":true,"href":"https:\/\/www.o-p-i.fr\/parlonsen\/wp-json\/wp\/v2\/tags?post=65488"}],"curies":[{"name":"wp","href":"https:\/\/api.w.org\/{rel}","templated":true}]}}