{"id":65490,"date":"2025-06-19T13:33:40","date_gmt":"2025-06-19T11:33:40","guid":{"rendered":"https:\/\/www.o-p-i.fr\/parlonsen\/?p=65490"},"modified":"2025-06-19T13:33:40","modified_gmt":"2025-06-19T11:33:40","slug":"cine-monclar-le-repondeur","status":"publish","type":"post","link":"https:\/\/www.o-p-i.fr\/parlonsen\/localisation\/au-pays-des-tescous\/monclar\/cine-monclar-le-repondeur\/","title":{"rendered":"Cin\u00e9 Monclar &#8211; Le r\u00e9pondeur"},"content":{"rendered":"<div id=\"pl-65490\"  class=\"panel-layout\" ><div id=\"pg-65490-0\"  class=\"panel-grid panel-no-style\" ><div id=\"pgc-65490-0-0\"  class=\"panel-grid-cell\" ><div id=\"panel-65490-0-0-0\" class=\"so-panel widget widget_sow-editor panel-first-child widgetopts-SO\" data-index=\"0\" ><div\n\t\t\t\n\t\t\tclass=\"so-widget-sow-editor so-widget-sow-editor-base\"\n\t\t\t\n\t\t>\n<div class=\"siteorigin-widget-tinymce textwidget\">\n\t<p><strong>Vendredi 20 juin 2025<\/strong> \u00e0 21h.<br \/>\nLe r\u00e9pondeur<\/p>\n<p><a href=\"https:\/\/www.google.com\/search?q=voir+la+bande+annonce+de+jLe+r%C3%A9pondeur%C2%A0&amp;sca_esv=5ed3572dacaed608&amp;rlz=1C1CHZN_frFR989FR991&amp;sxsrf=AE3TifPFGFtilTXjks8sy98_w0HGty5qBw%3A1749055443451&amp;ei=03dAaPKqG6ynkdUP1NrysA8&amp;ved=0ahUKEwiy4Jijm9iNAxWsU6QEHVStHPYQ4dUDCBA&amp;oq=voir+la+bande+annonce+de+jLe+r%C3%A9pondeur%C2%A0&amp;gs_lp=Egxnd3Mtd2l6LXNlcnAiKXZvaXIgbGEgYmFuZGUgYW5ub25jZSBkZSBqTGUgcsOpcG9uZGV1csKgMgcQIRigARgKMgcQIRigARgKMgcQIRigARgKSJdBUOgdWOgdcAF4AJABAJgBigGgAYoBqgEDMC4xuAEMyAEA-AEC-AEBmAICoAKUAcICCBAAGLADGO8FwgILEAAYgAQYsAMYogSYAwDiAwUSATEgQIgGAZAGBZIHAzEuMaAH9ASyBwMwLjG4B5ABwgcFMC4xLjHIBwY&amp;sclient=gws-wiz-serp#fpstate=ive&amp;vld=cid:dde2b084,vid:vnvXZ1NL5JU,st:0\" target=\"_blank\" rel=\"noopener\"><em>Pour voir la bande annonce, cliquez ici\u00a0<\/em><\/a><\/p>\n<\/div>\n<\/div><\/div><div id=\"panel-65490-0-0-1\" class=\"so-panel widget widget_sow-video widgetopts-SO\" data-index=\"1\" ><div\n\t\t\t\n\t\t\tclass=\"so-widget-sow-video so-widget-sow-video-default-c08170c47cfb-65490\"\n\t\t\t\n\t\t><h3 class=\"widget-title\">Bande annonce<\/h3>\n<div class=\"sow-video-wrapper\n\">\n\t\t\t<iframe loading=\"lazy\" title=\"LE R\u00c9PONDEUR Bande Annonce VF (2025, Com\u00e9die) Salif Ciss\u00e9, Denis Podalyd\u00e8s, Aure Atika\" width=\"640\" height=\"360\" src=\"https:\/\/www.youtube.com\/embed\/UnUPgznNDxk?feature=oembed&enablejsapi=1\" frameborder=\"0\" allow=\"accelerometer; autoplay; clipboard-write; encrypted-media; gyroscope; picture-in-picture; web-share\" referrerpolicy=\"strict-origin-when-cross-origin\" allowfullscreen allowfullscreen mozallowfullscreen webkitallowfullscreen sandbox=\"allow-scripts allow-same-origin allow-presentation\"><\/iframe>\t<\/div>\n<\/div><\/div><div id=\"panel-65490-0-0-2\" class=\"so-panel widget widget_sow-editor widgetopts-SO\" data-index=\"2\" ><div\n\t\t\t\n\t\t\tclass=\"so-widget-sow-editor so-widget-sow-editor-base\"\n\t\t\t\n\t\t>\n<div class=\"siteorigin-widget-tinymce textwidget\">\n\t<p><strong>Pour voir le programme illustr\u00e9 cliquez:\u00a0 <a href=\"https:\/\/www.o-p-i.fr\/parlonsen\/wp-content\/uploads\/A4-147.pdf\">A4 147<\/a><\/strong><\/p>\n<p><em>Information communiqu\u00e9e par Guy ROUMAGNAC<\/em><\/p>\n<p>&nbsp;<\/p>\n<div class=\"card\" style=\"width: 350px;\">\n<div class=\"card-body\">\n<h3 class=\"card-title text-center bg-light\">Fiche Annuaire<\/h3>\n<p><a href=\"https:\/\/www.o-p-i.fr\/aupays\/annuaire\/loisirs\/cine-monclar\/\" target=\"_blank\" rel=\"noopener\"><br \/>\n<img data-recalc-dims=\"1\" decoding=\"async\" class=\"card-img\" src=\"https:\/\/i0.wp.com\/www.o-p-i.fr\/aupays\/wp-content\/uploads\/Cin%C3%A9Monclar.jpg?ssl=1\" alt=\"Cin\u00e9 Monclar\" \/><\/a><\/p>\n<p class=\"card-text\">Place des Capitouls,<br \/>\n82230 <a href=\"https:\/\/www.o-p-i.fr\/aupays\/monclar-de-quercy-82230\/\" target=\"_blank\" rel=\"noopener\">Monclar-de-Quercy<\/a><\/p>\n<p><a class=\"btn btn-primary\" href=\"https:\/\/www.o-p-i.fr\/aupays\/annuaire\/loisirs\/cine-monclar\/\" target=\"_blank\" rel=\"noopener\">Cin\u00e9ma Monclar de Quercy <i class=\"fa-solid fa-arrow-up-right-from-square\"><\/i><\/a><\/p>\n<\/div>\n<\/div>\n<\/div>\n<\/div><\/div><div id=\"panel-65490-0-0-3\" class=\"so-panel widget widget_block panel-last-child widgetopts-SO\" data-index=\"3\" ><\/div><\/div><\/div><\/div>","protected":false},"excerpt":{"rendered":"<div class=\"mh-excerpt\">Vendredi 20 juin 2025 \u00e0 21h. Le r\u00e9pondeur Pour voir la bande annonce, cliquez ici\u00a0 Pour voir le programme illustr\u00e9 cliquez:\u00a0 A4 147 Information communiqu\u00e9e par Guy ROUMAGNAC &nbsp; Fiche Annuaire Place des Capitouls, 82230 <a class=\"mh-excerpt-more\" href=\"https:\/\/www.o-p-i.fr\/parlonsen\/localisation\/au-pays-des-tescous\/monclar\/cine-monclar-le-repondeur\/\" title=\"Cin\u00e9 Monclar &#8211; Le r\u00e9pondeur\">[&#8230;]<\/a><\/div>\n","protected":false},"author":9,"featured_media":62094,"comment_status":"open","ping_status":"open","sticky":false,"template":"","format":"video","meta":{"om_disable_all_campaigns":false,"advanced_seo_description":"","jetpack_seo_html_title":"","jetpack_seo_noindex":false,"_jetpack_memberships_contains_paid_content":false,"footnotes":"","_links_to":"","_links_to_target":""},"categories":[52,16,6352],"tags":[2998,6406],"class_list":{"0":"post-65490","1":"post","2":"type-post","3":"status-publish","4":"format-video","5":"has-post-thumbnail","7":"category-parlons-en","8":"category-monclar","9":"category-n231-juin-2025","10":"tag-cine-monclar","11":"tag-s2525","12":"post_format-post-format-video"},"jetpack_featured_media_url":"https:\/\/i0.wp.com\/www.o-p-i.fr\/parlonsen\/wp-content\/uploads\/camera-cinema.jpg?fit=225%2C225&ssl=1","views":{"total":3,"cached_at":"","cached_date":1738528338},"jetpack_likes_enabled":true,"jetpack_sharing_enabled":true,"jetpack_shortlink":"https:\/\/wp.me\/pg7Wxj-h2i","jetpack-related-posts":[],"_links":{"self":[{"href":"https:\/\/www.o-p-i.fr\/parlonsen\/wp-json\/wp\/v2\/posts\/65490","targetHints":{"allow":["GET"]}}],"collection":[{"href":"https:\/\/www.o-p-i.fr\/parlonsen\/wp-json\/wp\/v2\/posts"}],"about":[{"href":"https:\/\/www.o-p-i.fr\/parlonsen\/wp-json\/wp\/v2\/types\/post"}],"author":[{"embeddable":true,"href":"https:\/\/www.o-p-i.fr\/parlonsen\/wp-json\/wp\/v2\/users\/9"}],"replies":[{"embeddable":true,"href":"https:\/\/www.o-p-i.fr\/parlonsen\/wp-json\/wp\/v2\/comments?post=65490"}],"version-history":[{"count":0,"href":"https:\/\/www.o-p-i.fr\/parlonsen\/wp-json\/wp\/v2\/posts\/65490\/revisions"}],"wp:featuredmedia":[{"embeddable":true,"href":"https:\/\/www.o-p-i.fr\/parlonsen\/wp-json\/wp\/v2\/media\/62094"}],"wp:attachment":[{"href":"https:\/\/www.o-p-i.fr\/parlonsen\/wp-json\/wp\/v2\/media?parent=65490"}],"wp:term":[{"taxonomy":"category","embeddable":true,"href":"https:\/\/www.o-p-i.fr\/parlonsen\/wp-json\/wp\/v2\/categories?post=65490"},{"taxonomy":"post_tag","embeddable":true,"href":"https:\/\/www.o-p-i.fr\/parlonsen\/wp-json\/wp\/v2\/tags?post=65490"}],"curies":[{"name":"wp","href":"https:\/\/api.w.org\/{rel}","templated":true}]}}