{"id":65523,"date":"2025-06-24T03:35:07","date_gmt":"2025-06-24T01:35:07","guid":{"rendered":"https:\/\/www.o-p-i.fr\/parlonsen\/?p=65523"},"modified":"2025-06-26T15:47:46","modified_gmt":"2025-06-26T13:47:46","slug":"festival-du-dessin-de-presse-et-dhumour-de-rabastens-81","status":"publish","type":"post","link":"https:\/\/www.o-p-i.fr\/parlonsen\/parlons-en\/pratique\/festival-du-dessin-de-presse-et-dhumour-de-rabastens-81\/","title":{"rendered":"Festival du Dessin de presse et d&rsquo;humour de Rabastens (81)"},"content":{"rendered":"<p><strong>Vendredi 27 et samedi 28 juin 2025<\/strong>, voir programme:<!--more--><\/p>\n<p><img data-recalc-dims=\"1\" loading=\"lazy\" decoding=\"async\" class=\"aligncenter size-full wp-image-65524\" src=\"https:\/\/i0.wp.com\/www.o-p-i.fr\/parlonsen\/wp-content\/uploads\/dessin-R.jpg?resize=624%2C1209&#038;ssl=1\" alt=\"\" width=\"624\" height=\"1209\" srcset=\"https:\/\/i0.wp.com\/www.o-p-i.fr\/parlonsen\/wp-content\/uploads\/dessin-R.jpg?w=624&amp;ssl=1 624w, https:\/\/i0.wp.com\/www.o-p-i.fr\/parlonsen\/wp-content\/uploads\/dessin-R.jpg?resize=155%2C300&amp;ssl=1 155w, https:\/\/i0.wp.com\/www.o-p-i.fr\/parlonsen\/wp-content\/uploads\/dessin-R.jpg?resize=529%2C1024&amp;ssl=1 529w\" sizes=\"auto, (max-width: 624px) 100vw, 624px\" \/>\u00a0<strong>samedi 28 juin 2025<\/strong> \u00e0 11h<br \/>\nLieu :Rabastens<br \/>\nPromenade des Lices<br \/>\nCentre-ville<br \/>\n81800 Rabastens<\/p>\n<p>Festival du Dessin de presse et d&rsquo;humour de Rabastens (suite)<\/p>\n<ul>\n<li>11h \/ Expo, d\u00e9dicaces, battle de dessin, musique&#8230; au Banc sonore<\/li>\n<li>15h \/ Expo, d\u00e9dicaces&#8230; sur la promenade des Lices<\/li>\n<li>20h30 \/ Expo, d\u00e9dicaces, battle de dessin, soir\u00e9e mix avec DJ Tubax&#8230; au Bar Le progr\u00e8s \/ Chez Loli&rsquo;v<\/li>\n<\/ul>\n<p><em>Information communiqu\u00e9e par D\u00e9mosph\u00e8re<\/em><\/p>\n<p><a href=\"http:\/\/www.o-p-i.fr\/parlonsen\/agenda\/\">Retrouvez tous les \u00e9v\u00e9nements dans l&rsquo;agenda !<\/a><\/p>\n","protected":false},"excerpt":{"rendered":"<div class=\"mh-excerpt\">Vendredi 27 et samedi 28 juin 2025, voir programme:<\/div>\n","protected":false},"author":4,"featured_media":36094,"comment_status":"open","ping_status":"open","sticky":false,"template":"","format":"standard","meta":{"om_disable_all_campaigns":false,"advanced_seo_description":"","jetpack_seo_html_title":"","jetpack_seo_noindex":false,"_jetpack_memberships_contains_paid_content":false,"footnotes":"","_links_to":"","_links_to_target":""},"categories":[42,54,6,6411,6352],"tags":[6340,6408,6410],"class_list":{"0":"post-65523","1":"post","2":"type-post","3":"status-publish","4":"format-standard","5":"has-post-thumbnail","7":"category-a-cote-de-chez-nous","8":"category-loisirs","9":"category-pratique","10":"category-rabastens","11":"category-n231-juin-2025","12":"tag-a-la-une","13":"tag-s2625","14":"tag-festival-dessin"},"jetpack_featured_media_url":"https:\/\/i0.wp.com\/www.o-p-i.fr\/parlonsen\/wp-content\/uploads\/Banc-sonore-3.jpg?fit=150%2C150&ssl=1","views":"","jetpack_likes_enabled":true,"jetpack_sharing_enabled":true,"jetpack_shortlink":"https:\/\/wp.me\/pg7Wxj-h2P","jetpack-related-posts":[],"_links":{"self":[{"href":"https:\/\/www.o-p-i.fr\/parlonsen\/wp-json\/wp\/v2\/posts\/65523","targetHints":{"allow":["GET"]}}],"collection":[{"href":"https:\/\/www.o-p-i.fr\/parlonsen\/wp-json\/wp\/v2\/posts"}],"about":[{"href":"https:\/\/www.o-p-i.fr\/parlonsen\/wp-json\/wp\/v2\/types\/post"}],"author":[{"embeddable":true,"href":"https:\/\/www.o-p-i.fr\/parlonsen\/wp-json\/wp\/v2\/users\/4"}],"replies":[{"embeddable":true,"href":"https:\/\/www.o-p-i.fr\/parlonsen\/wp-json\/wp\/v2\/comments?post=65523"}],"version-history":[{"count":0,"href":"https:\/\/www.o-p-i.fr\/parlonsen\/wp-json\/wp\/v2\/posts\/65523\/revisions"}],"wp:featuredmedia":[{"embeddable":true,"href":"https:\/\/www.o-p-i.fr\/parlonsen\/wp-json\/wp\/v2\/media\/36094"}],"wp:attachment":[{"href":"https:\/\/www.o-p-i.fr\/parlonsen\/wp-json\/wp\/v2\/media?parent=65523"}],"wp:term":[{"taxonomy":"category","embeddable":true,"href":"https:\/\/www.o-p-i.fr\/parlonsen\/wp-json\/wp\/v2\/categories?post=65523"},{"taxonomy":"post_tag","embeddable":true,"href":"https:\/\/www.o-p-i.fr\/parlonsen\/wp-json\/wp\/v2\/tags?post=65523"}],"curies":[{"name":"wp","href":"https:\/\/api.w.org\/{rel}","templated":true}]}}