{"id":65549,"date":"2025-06-26T09:41:19","date_gmt":"2025-06-26T07:41:19","guid":{"rendered":"https:\/\/www.o-p-i.fr\/parlonsen\/?p=65549"},"modified":"2025-10-08T23:35:59","modified_gmt":"2025-10-08T21:35:59","slug":"a-lombre-de-mon-soleil-spectacle-a-montauban-82","status":"publish","type":"post","link":"https:\/\/www.o-p-i.fr\/parlonsen\/parlons-en\/loisirs\/a-lombre-de-mon-soleil-spectacle-a-montauban-82\/","title":{"rendered":"\u00ab\u00a0A l&rsquo;ombre de mon soleil\u00a0\u00bb, spectacle&#8230; \u00e0 Montauban (82)"},"content":{"rendered":"<p><strong>Dimanche 12 octobre 2025<\/strong>, de 10h. \u00e0 11 h., th\u00e9\u00e2tre de l&rsquo;Embellie.<!--more--><\/p>\n<h3 style=\"text-align: center;\"><img data-recalc-dims=\"1\" loading=\"lazy\" decoding=\"async\" class=\"alignright size-full wp-image-65550\" src=\"https:\/\/i0.wp.com\/www.o-p-i.fr\/parlonsen\/wp-content\/uploads\/ombre-1.jpg?resize=425%2C425&#038;ssl=1\" alt=\"\" width=\"425\" height=\"425\" srcset=\"https:\/\/i0.wp.com\/www.o-p-i.fr\/parlonsen\/wp-content\/uploads\/ombre-1.jpg?w=425&amp;ssl=1 425w, https:\/\/i0.wp.com\/www.o-p-i.fr\/parlonsen\/wp-content\/uploads\/ombre-1.jpg?resize=300%2C300&amp;ssl=1 300w, https:\/\/i0.wp.com\/www.o-p-i.fr\/parlonsen\/wp-content\/uploads\/ombre-1.jpg?resize=50%2C50&amp;ssl=1 50w, https:\/\/i0.wp.com\/www.o-p-i.fr\/parlonsen\/wp-content\/uploads\/ombre-1.jpg?resize=375%2C375&amp;ssl=1 375w\" sizes=\"auto, (max-width: 425px) 100vw, 425px\" \/>A l&rsquo;ombre de mon soleil<\/h3>\n<p>Au croisement de nulle part d&rsquo;un banc public, pOm&rsquo; pr\u00e9sente, au son de son petit accord\u00e9on, son c\u00e9l\u00e8bre num\u00e9ro animalier La valse de Papillon. Mais l&rsquo;histoire d&rsquo;un anniversaire oubli\u00e9 engendre en cascade un d\u00e9licieux chaos de bretelles capricieuses, de journal glouton, de roi \u00a0\u00bbp\u00e2te et tic\u00a0\u00bb, de g\u00e2teau improvis\u00e9, d&rsquo;histoire de petit papier, de plante lumineuse, d&rsquo;une poule pondeuse qui p\u00e8te, de boulette, de ciboulette, de cacahu\u00e8te et &#8230; toujours pas de nouvelles de Papillon. Un univers de po\u00e9sie, de magie et de fac\u00e9tie comme un clin d&rsquo;\u0153il au clown de notre enfance, un spectacle \u00e0 voir en famille !<\/p>\n<p>Adresse de l&rsquo;\u00e9v\u00e8nement<br \/>\n828 Avenue de Bordeaux<br \/>\nth\u00e9\u00e2tre de l&rsquo;Embellie<\/p>\n<p>Tarif unique\u00a0 6<br \/>\nTarif principal 8<\/p>\n<p>Organisateur de l&rsquo;\u00e9n\u00e8vement<br \/>\n<strong>Th\u00e9\u00e2tre de l&rsquo;Embellie<\/strong><br \/>\nT\u00e9l\u00e9phone : 05 63 91 96 20<br \/>\nCourriel : <a href=\"mailto:embellie82@gmail.com\">embellie82@gmail.com<\/a><\/p>\n<p><em>Information communiqu\u00e9e par \u00ab\u00a0Le th\u00e9\u00e2tre de l&rsquo;Embellie\u00a0\u00bb<\/em><\/p>\n<p><a href=\"http:\/\/www.o-p-i.fr\/parlonsen\/agenda\/\">Retrouvez tous les \u00e9v\u00e9nements dans l&rsquo;agenda !<\/a><\/p>\n","protected":false},"excerpt":{"rendered":"<div class=\"mh-excerpt\">Dimanche 12 octobre 2025, de 10h. \u00e0 11 h., th\u00e9\u00e2tre de l&rsquo;Embellie.<\/div>\n","protected":false},"author":4,"featured_media":18509,"comment_status":"open","ping_status":"open","sticky":false,"template":"","format":"standard","meta":{"om_disable_all_campaigns":false,"advanced_seo_description":"","jetpack_seo_html_title":"","jetpack_seo_noindex":false,"_jetpack_memberships_contains_paid_content":false,"footnotes":"","_links_to":"","_links_to_target":""},"categories":[54,6389,6414],"tags":[57,2736,6483],"class_list":{"0":"post-65549","1":"post","2":"type-post","3":"status-publish","4":"format-standard","5":"has-post-thumbnail","7":"category-loisirs","8":"category-n235-octobre-2025","9":"category-montauban","10":"tag-theatre","11":"tag-theatre-de-lembellie","12":"tag-s4125"},"jetpack_featured_media_url":"https:\/\/i0.wp.com\/www.o-p-i.fr\/parlonsen\/wp-content\/uploads\/theatredelembellie.jpg?fit=600%2C220&ssl=1","views":"","jetpack_likes_enabled":true,"jetpack_sharing_enabled":true,"jetpack_shortlink":"https:\/\/wp.me\/pg7Wxj-h3f","jetpack-related-posts":[],"_links":{"self":[{"href":"https:\/\/www.o-p-i.fr\/parlonsen\/wp-json\/wp\/v2\/posts\/65549","targetHints":{"allow":["GET"]}}],"collection":[{"href":"https:\/\/www.o-p-i.fr\/parlonsen\/wp-json\/wp\/v2\/posts"}],"about":[{"href":"https:\/\/www.o-p-i.fr\/parlonsen\/wp-json\/wp\/v2\/types\/post"}],"author":[{"embeddable":true,"href":"https:\/\/www.o-p-i.fr\/parlonsen\/wp-json\/wp\/v2\/users\/4"}],"replies":[{"embeddable":true,"href":"https:\/\/www.o-p-i.fr\/parlonsen\/wp-json\/wp\/v2\/comments?post=65549"}],"version-history":[{"count":0,"href":"https:\/\/www.o-p-i.fr\/parlonsen\/wp-json\/wp\/v2\/posts\/65549\/revisions"}],"wp:featuredmedia":[{"embeddable":true,"href":"https:\/\/www.o-p-i.fr\/parlonsen\/wp-json\/wp\/v2\/media\/18509"}],"wp:attachment":[{"href":"https:\/\/www.o-p-i.fr\/parlonsen\/wp-json\/wp\/v2\/media?parent=65549"}],"wp:term":[{"taxonomy":"category","embeddable":true,"href":"https:\/\/www.o-p-i.fr\/parlonsen\/wp-json\/wp\/v2\/categories?post=65549"},{"taxonomy":"post_tag","embeddable":true,"href":"https:\/\/www.o-p-i.fr\/parlonsen\/wp-json\/wp\/v2\/tags?post=65549"}],"curies":[{"name":"wp","href":"https:\/\/api.w.org\/{rel}","templated":true}]}}