{"id":65564,"date":"2025-06-26T11:42:41","date_gmt":"2025-06-26T09:42:41","guid":{"rendered":"https:\/\/www.o-p-i.fr\/parlonsen\/?p=65564"},"modified":"2025-06-26T13:10:51","modified_gmt":"2025-06-26T11:10:51","slug":"il-ne-va-pas-se-passer-ce-quon-croit-a-couffouleux-81","status":"publish","type":"post","link":"https:\/\/www.o-p-i.fr\/parlonsen\/parlons-en\/culture\/il-ne-va-pas-se-passer-ce-quon-croit-a-couffouleux-81\/","title":{"rendered":"\u201cIl ne va pas se passer ce qu&rsquo;on croit\u201d&#8230;\u00e0 Couffouleux (81)"},"content":{"rendered":"<p><strong>Samedi 28 et dimanche 29 juin 2025,<\/strong> salle Herv\u00e9 de Guerdavid, voir le programme:<!--more--><\/p>\n<p><img data-recalc-dims=\"1\" loading=\"lazy\" decoding=\"async\" class=\"alignright size-full wp-image-65565\" src=\"https:\/\/i0.wp.com\/www.o-p-i.fr\/parlonsen\/wp-content\/uploads\/ADN-1.jpg?resize=425%2C602&#038;ssl=1\" alt=\"\" width=\"425\" height=\"602\" srcset=\"https:\/\/i0.wp.com\/www.o-p-i.fr\/parlonsen\/wp-content\/uploads\/ADN-1.jpg?w=425&amp;ssl=1 425w, https:\/\/i0.wp.com\/www.o-p-i.fr\/parlonsen\/wp-content\/uploads\/ADN-1.jpg?resize=212%2C300&amp;ssl=1 212w\" sizes=\"auto, (max-width: 425px) 100vw, 425px\" \/>La Compagnie d\u2019Henry va bient\u00f4t pr\u00e9senter son aventure th\u00e9\u00e2trale de l&rsquo;atelier amateur men\u00e9 tout au long de l&rsquo;ann\u00e9e 24-25.<\/p>\n<p>Au programme : Une com\u00e9die anglaise de Dennis Kelly : ADN<br \/>\nImaginez un suspense \u00e0 couper le souffle m\u00eal\u00e9 d\u2019humour noir : de grands adolescents jouent avec le feu, et \u00e7a tourne mal ! Entre rires et frissons, cette pi\u00e8ce d\u00e9montre que parfois, notre propre code g\u00e9n\u00e9tique cache bien des surprises\u2026 et des catastrophes !<\/p>\n<p>On vous donne rendez-vous les 28 (14h30ou 18h) et 29 juin (11h ou 15h30).<br \/>\n\ud83d\udcac \u201cIl ne va pas se passer ce qu&rsquo;on croit\u201d \u2013 Anthony, metteur en sc\u00e8ne<br \/>\n\ud83d\udccd Salle de spectacle Herv\u00e9 de Guerdavid \u00e0 Couffouleux<br \/>\n\ud83c\udf9f\ufe0f R\u00e9servations obligatoire par sms : 06 66 50 83 29<\/p>\n<p><em>Information communiqu\u00e9e par \u00ab\u00a0l&rsquo;association Karavane\u00a0\u00bb<\/em><\/p>\n<p><a href=\"http:\/\/www.o-p-i.fr\/parlonsen\/agenda\/\">Retrouvez tous les \u00e9v\u00e9nements dans l&rsquo;agenda !<\/a><\/p>\n","protected":false},"excerpt":{"rendered":"<div class=\"mh-excerpt\">Samedi 28 et dimanche 29 juin 2025, salle Herv\u00e9 de Guerdavid, voir le programme:<\/div>\n","protected":false},"author":4,"featured_media":65565,"comment_status":"open","ping_status":"open","sticky":false,"template":"","format":"standard","meta":{"om_disable_all_campaigns":false,"advanced_seo_description":"","jetpack_seo_html_title":"","jetpack_seo_noindex":false,"_jetpack_memberships_contains_paid_content":false,"footnotes":"","_links_to":"","_links_to_target":""},"categories":[52,1,6417,6352],"tags":[6408,1786],"class_list":{"0":"post-65564","1":"post","2":"type-post","3":"status-publish","4":"format-standard","5":"has-post-thumbnail","7":"category-parlons-en","8":"category-culture","9":"category-couffouleux","10":"category-n231-juin-2025","11":"tag-s2625","12":"tag-atelier-theatre"},"jetpack_featured_media_url":"https:\/\/i0.wp.com\/www.o-p-i.fr\/parlonsen\/wp-content\/uploads\/ADN-1.jpg?fit=425%2C602&ssl=1","views":"","jetpack_likes_enabled":true,"jetpack_sharing_enabled":true,"jetpack_shortlink":"https:\/\/wp.me\/pg7Wxj-h3u","jetpack-related-posts":[],"_links":{"self":[{"href":"https:\/\/www.o-p-i.fr\/parlonsen\/wp-json\/wp\/v2\/posts\/65564","targetHints":{"allow":["GET"]}}],"collection":[{"href":"https:\/\/www.o-p-i.fr\/parlonsen\/wp-json\/wp\/v2\/posts"}],"about":[{"href":"https:\/\/www.o-p-i.fr\/parlonsen\/wp-json\/wp\/v2\/types\/post"}],"author":[{"embeddable":true,"href":"https:\/\/www.o-p-i.fr\/parlonsen\/wp-json\/wp\/v2\/users\/4"}],"replies":[{"embeddable":true,"href":"https:\/\/www.o-p-i.fr\/parlonsen\/wp-json\/wp\/v2\/comments?post=65564"}],"version-history":[{"count":0,"href":"https:\/\/www.o-p-i.fr\/parlonsen\/wp-json\/wp\/v2\/posts\/65564\/revisions"}],"wp:featuredmedia":[{"embeddable":true,"href":"https:\/\/www.o-p-i.fr\/parlonsen\/wp-json\/wp\/v2\/media\/65565"}],"wp:attachment":[{"href":"https:\/\/www.o-p-i.fr\/parlonsen\/wp-json\/wp\/v2\/media?parent=65564"}],"wp:term":[{"taxonomy":"category","embeddable":true,"href":"https:\/\/www.o-p-i.fr\/parlonsen\/wp-json\/wp\/v2\/categories?post=65564"},{"taxonomy":"post_tag","embeddable":true,"href":"https:\/\/www.o-p-i.fr\/parlonsen\/wp-json\/wp\/v2\/tags?post=65564"}],"curies":[{"name":"wp","href":"https:\/\/api.w.org\/{rel}","templated":true}]}}