{"id":65612,"date":"2025-07-03T06:57:48","date_gmt":"2025-07-03T04:57:48","guid":{"rendered":"https:\/\/www.o-p-i.fr\/parlonsen\/?p=65612"},"modified":"2025-07-03T13:21:48","modified_gmt":"2025-07-03T11:21:48","slug":"exposition-portraits-deliane-added-marsaux-a-salvagnac-81","status":"publish","type":"post","link":"https:\/\/www.o-p-i.fr\/parlonsen\/parlons-en\/culture\/exposition-portraits-deliane-added-marsaux-a-salvagnac-81\/","title":{"rendered":"Exposition PORTRAITS d&rsquo;\u00c9liane Added Marsaux&#8230;\u00e0 Salvagnac (81)"},"content":{"rendered":"<p>Du <strong>mercredi 9 au mercredi 23 juillet 2025<\/strong>, 17h. \u00e0 20h., voir programme: <!--more--><\/p>\n<p><img data-recalc-dims=\"1\" loading=\"lazy\" decoding=\"async\" class=\"alignright size-full wp-image-65613\" src=\"https:\/\/i0.wp.com\/www.o-p-i.fr\/parlonsen\/wp-content\/uploads\/Salva-1.jpg?resize=425%2C601&#038;ssl=1\" alt=\"\" width=\"425\" height=\"601\" srcset=\"https:\/\/i0.wp.com\/www.o-p-i.fr\/parlonsen\/wp-content\/uploads\/Salva-1.jpg?w=425&amp;ssl=1 425w, https:\/\/i0.wp.com\/www.o-p-i.fr\/parlonsen\/wp-content\/uploads\/Salva-1.jpg?resize=212%2C300&amp;ssl=1 212w\" sizes=\"auto, (max-width: 425px) 100vw, 425px\" \/>Exposition PORTRAITS d&rsquo;\u00c9liane Added Marsaux<\/p>\n<p>accompagn\u00e9s des sculptures de Jean-Michel Martinelli, dans le cadre des rendez-vous de \u00ab L&rsquo;Art en Pays Salvagnacois \u00bb \u00e0 l&rsquo;espace culturel L&rsquo;ECRIN de Salvagnac.<br \/>\nN\u00e9e en 1956 \u00e0 Toulouse Eliane Added Marsaux est d\u00e9c\u00e9d\u00e9e en mars 2016. Cette pr\u00e9sentation \u00e0 l&rsquo;ECRIN de l&rsquo;exposition Portraits qui avait vu le jour chez sa s\u0153ur, dans la campagne salvagnacoise, est l&rsquo;occasion de lui rendre hommage.<br \/>\nParall\u00e8lement \u00e0 sa carri\u00e8re d&rsquo;enseignante, Eliane Added Marsaux entame dans les ann\u00e9es 90\/95 une collaboration avec sa s\u0153ur Nadine dont elle illustre les \u00e9crits. De formation autodidacte, elle utilise toutes sortes de techniques, collages de mat\u00e9riaux divers, dessin, peinture avant de se consacrer plus sp\u00e9cifiquement \u00e0 la peinture pour son expression personnelle. Au fil des ann\u00e9es, elle d\u00e9veloppe un langage pictural inspir\u00e9 de Chirico et des Surr\u00e9alistes. Chaque figure agit comme un mot et les tableaux \u00e9gr\u00e8nent des histoires, d\u00e9crivent l&rsquo;espace de ses songes.<\/p>\n<p><em>\u00abDans cette collection Portraits, en r\u00e9alisant une \u0153uvre autobiographique j&rsquo;ai voulu mettre mettre en \u00e9vidence le filtre de mon regard sur le monde.<\/em>\u00bbE. A-M<\/p>\n<p>Et puis, sur l&rsquo;estrade de l&rsquo;Ecrin, sont expos\u00e9es les sculptures en m\u00e9tal de Jean-Michel Martinelli. Install\u00e9 \u00e0 Salvagnac depuis 2019, il est r\u00e9guli\u00e8rement sollicit\u00e9 par la mairie de Salvagnac et par des particuliers bien s\u00fbr, pour des r\u00e9novations, mais aussi des cr\u00e9ations de portails, de grilles, de rampes, de balustrades, de garde-corps, de marquises&#8230; Son travail est toujours remarquable de cr\u00e9ativit\u00e9 et de soin apport\u00e9 \u00e0 chacun de ses ouvrages.<br \/>\nForge et d\u00e9coupe au laser sont des techniques aussi diff\u00e9rentes que ma\u00eetris\u00e9es par l&rsquo;artiste pour un r\u00e9sultat parfait. Les \u0153uvres pr\u00e9sent\u00e9es au cours de cette exposition ont toutes les chances d&rsquo;interpeller le visiteur par leur d\u00e9licatesse, la justesse et la finesse des lignes, par une transparence inattendue lorsque l&rsquo;on parle de rondelles m\u00e9talliques soud\u00e9es&#8230;<\/p>\n<p>Vernissage le mercredi 9 juillet \u00e0 18h \u00e0 l&rsquo;Ecrin, Salvagnac,<br \/>\nExposition du 9 au 23 juillet, les mercredis, vendredis, samedis et dimanches de 17h \u00e0 20h.<\/p>\n<p><em>Information communiqu\u00e9e par Mireille BRUNWASSER<\/em><\/p>\n<p><a href=\"http:\/\/www.o-p-i.fr\/parlonsen\/agenda\/\">Retrouvez tous les \u00e9v\u00e9nements dans l&rsquo;agenda !<\/a><\/p>\n","protected":false},"excerpt":{"rendered":"<div class=\"mh-excerpt\">Du mercredi 9 au mercredi 23 juillet 2025, 17h. \u00e0 20h., voir programme:<\/div>\n","protected":false},"author":4,"featured_media":28539,"comment_status":"open","ping_status":"open","sticky":false,"template":"","format":"standard","meta":{"om_disable_all_campaigns":false,"advanced_seo_description":"","jetpack_seo_html_title":"","jetpack_seo_noindex":false,"_jetpack_memberships_contains_paid_content":false,"footnotes":"","_links_to":"","_links_to_target":""},"categories":[52,1,7,6420,25],"tags":[2548,172,6421],"class_list":{"0":"post-65612","1":"post","2":"type-post","3":"status-publish","4":"format-standard","5":"has-post-thumbnail","7":"category-parlons-en","8":"category-culture","9":"category-numero-de-journal","10":"category-n-232-juillet-2025","11":"category-salvagnac","12":"tag-salvagnac","13":"tag-exposition","14":"tag-s2725"},"jetpack_featured_media_url":"https:\/\/i0.wp.com\/www.o-p-i.fr\/parlonsen\/wp-content\/uploads\/economiedenergie.jpg?fit=266%2C224&ssl=1","views":"","jetpack_likes_enabled":true,"jetpack_sharing_enabled":true,"jetpack_shortlink":"https:\/\/wp.me\/pg7Wxj-h4g","jetpack-related-posts":[],"_links":{"self":[{"href":"https:\/\/www.o-p-i.fr\/parlonsen\/wp-json\/wp\/v2\/posts\/65612","targetHints":{"allow":["GET"]}}],"collection":[{"href":"https:\/\/www.o-p-i.fr\/parlonsen\/wp-json\/wp\/v2\/posts"}],"about":[{"href":"https:\/\/www.o-p-i.fr\/parlonsen\/wp-json\/wp\/v2\/types\/post"}],"author":[{"embeddable":true,"href":"https:\/\/www.o-p-i.fr\/parlonsen\/wp-json\/wp\/v2\/users\/4"}],"replies":[{"embeddable":true,"href":"https:\/\/www.o-p-i.fr\/parlonsen\/wp-json\/wp\/v2\/comments?post=65612"}],"version-history":[{"count":0,"href":"https:\/\/www.o-p-i.fr\/parlonsen\/wp-json\/wp\/v2\/posts\/65612\/revisions"}],"wp:featuredmedia":[{"embeddable":true,"href":"https:\/\/www.o-p-i.fr\/parlonsen\/wp-json\/wp\/v2\/media\/28539"}],"wp:attachment":[{"href":"https:\/\/www.o-p-i.fr\/parlonsen\/wp-json\/wp\/v2\/media?parent=65612"}],"wp:term":[{"taxonomy":"category","embeddable":true,"href":"https:\/\/www.o-p-i.fr\/parlonsen\/wp-json\/wp\/v2\/categories?post=65612"},{"taxonomy":"post_tag","embeddable":true,"href":"https:\/\/www.o-p-i.fr\/parlonsen\/wp-json\/wp\/v2\/tags?post=65612"}],"curies":[{"name":"wp","href":"https:\/\/api.w.org\/{rel}","templated":true}]}}