{"id":65615,"date":"2025-07-03T07:31:21","date_gmt":"2025-07-03T05:31:21","guid":{"rendered":"https:\/\/www.o-p-i.fr\/parlonsen\/?p=65615"},"modified":"2025-07-03T13:19:10","modified_gmt":"2025-07-03T11:19:10","slug":"brunch-lecture-a-slvagnac-81","status":"publish","type":"post","link":"https:\/\/www.o-p-i.fr\/parlonsen\/parlons-en\/culture\/brunch-lecture-a-slvagnac-81\/","title":{"rendered":"Brunch lecture &#8230;\u00e0 Salvagnac (81)"},"content":{"rendered":"<p><strong>Dimanche 6 juillet 2025<\/strong>, \u00e0 10h.30 \u00e0 l&rsquo;Ecrin<!--more--><\/p>\n<h3 style=\"text-align: center;\"><img data-recalc-dims=\"1\" loading=\"lazy\" decoding=\"async\" class=\"alignright wp-image-35944\" src=\"https:\/\/i0.wp.com\/www.o-p-i.fr\/parlonsen\/wp-content\/uploads\/BRUNCH.jpg?resize=450%2C243&#038;ssl=1\" alt=\"\" width=\"450\" height=\"243\" srcset=\"https:\/\/i0.wp.com\/www.o-p-i.fr\/parlonsen\/wp-content\/uploads\/BRUNCH.jpg?w=185&amp;ssl=1 185w, https:\/\/i0.wp.com\/www.o-p-i.fr\/parlonsen\/wp-content\/uploads\/BRUNCH.jpg?resize=150%2C81&amp;ssl=1 150w\" sizes=\"auto, (max-width: 450px) 100vw, 450px\" \/><\/h3>\n<h3 style=\"text-align: center;\">Voici le premier brunch lecture de l&rsquo;\u00e9t\u00e9 !<\/h3>\n<p>Dimanche 6 juillet \u00e0 partir de 10h30, nous nous rafra\u00eechirons de nouvelles lectures et de nouveaux auteurs,<\/p>\n<p>avec les lectures des unes, des uns et des autres,<\/p>\n<p>autour d&rsquo;un caf\u00e9 ou th\u00e9 br\u00fblant \u00ab\u00a0parce qu&rsquo;il faut boire chaud quand il fait chaud\u00a0\u00bb!<\/p>\n<p>Nous vous attendons \u00e0 l&rsquo;Ecrin comme d&rsquo;habitude, joyeusement et cordialement !<\/p>\n<p>L&rsquo;\u00e9quipe de b\u00e9n\u00e9voles<\/p>\n<p><img data-recalc-dims=\"1\" loading=\"lazy\" decoding=\"async\" class=\"size-full wp-image-45520 alignleft\" src=\"https:\/\/i0.wp.com\/www.o-p-i.fr\/parlonsen\/wp-content\/uploads\/biblio.jpg?resize=283%2C198&#038;ssl=1\" alt=\"\" width=\"283\" height=\"198\" srcset=\"https:\/\/i0.wp.com\/www.o-p-i.fr\/parlonsen\/wp-content\/uploads\/biblio.jpg?w=283&amp;ssl=1 283w, https:\/\/i0.wp.com\/www.o-p-i.fr\/parlonsen\/wp-content\/uploads\/biblio.jpg?resize=150%2C105&amp;ssl=1 150w\" sizes=\"auto, (max-width: 283px) 100vw, 283px\" \/><\/p>\n<p><strong>Biblioth\u00e8que du Pays Salvagnacois<\/strong><\/p>\n<p>mercredi de 10h \u00e0 12h30<br \/>\nvendredi de 17h \u00e0 19h<br \/>\ndimanche de10h \u00e0 12h30<\/p>\n<p>&nbsp;<\/p>\n<p><em>Information communiqu\u00e9e par Arlette MALLERET<\/em><\/p>\n<p><a href=\"http:\/\/www.o-p-i.fr\/parlonsen\/agenda\/\">Retrouvez tous les \u00e9v\u00e9nements dans l&rsquo;agenda !<\/a><\/p>\n","protected":false},"excerpt":{"rendered":"<div class=\"mh-excerpt\">Dimanche 6 juillet 2025, \u00e0 10h.30 \u00e0 l&rsquo;Ecrin<\/div>\n","protected":false},"author":4,"featured_media":56805,"comment_status":"open","ping_status":"open","sticky":false,"template":"","format":"standard","meta":{"om_disable_all_campaigns":false,"advanced_seo_description":"","jetpack_seo_html_title":"","jetpack_seo_noindex":false,"_jetpack_memberships_contains_paid_content":false,"footnotes":"","_links_to":"","_links_to_target":""},"categories":[1,7,6420,25],"tags":[2548,94,6421],"class_list":{"0":"post-65615","1":"post","2":"type-post","3":"status-publish","4":"format-standard","5":"has-post-thumbnail","7":"category-culture","8":"category-numero-de-journal","9":"category-n-232-juillet-2025","10":"category-salvagnac","11":"tag-salvagnac","12":"tag-lecture","13":"tag-s2725"},"jetpack_featured_media_url":"https:\/\/i0.wp.com\/www.o-p-i.fr\/parlonsen\/wp-content\/uploads\/lecture-3.jpg?fit=425%2C390&ssl=1","views":"","jetpack_likes_enabled":true,"jetpack_sharing_enabled":true,"jetpack_shortlink":"https:\/\/wp.me\/pg7Wxj-h4j","jetpack-related-posts":[],"_links":{"self":[{"href":"https:\/\/www.o-p-i.fr\/parlonsen\/wp-json\/wp\/v2\/posts\/65615","targetHints":{"allow":["GET"]}}],"collection":[{"href":"https:\/\/www.o-p-i.fr\/parlonsen\/wp-json\/wp\/v2\/posts"}],"about":[{"href":"https:\/\/www.o-p-i.fr\/parlonsen\/wp-json\/wp\/v2\/types\/post"}],"author":[{"embeddable":true,"href":"https:\/\/www.o-p-i.fr\/parlonsen\/wp-json\/wp\/v2\/users\/4"}],"replies":[{"embeddable":true,"href":"https:\/\/www.o-p-i.fr\/parlonsen\/wp-json\/wp\/v2\/comments?post=65615"}],"version-history":[{"count":0,"href":"https:\/\/www.o-p-i.fr\/parlonsen\/wp-json\/wp\/v2\/posts\/65615\/revisions"}],"wp:featuredmedia":[{"embeddable":true,"href":"https:\/\/www.o-p-i.fr\/parlonsen\/wp-json\/wp\/v2\/media\/56805"}],"wp:attachment":[{"href":"https:\/\/www.o-p-i.fr\/parlonsen\/wp-json\/wp\/v2\/media?parent=65615"}],"wp:term":[{"taxonomy":"category","embeddable":true,"href":"https:\/\/www.o-p-i.fr\/parlonsen\/wp-json\/wp\/v2\/categories?post=65615"},{"taxonomy":"post_tag","embeddable":true,"href":"https:\/\/www.o-p-i.fr\/parlonsen\/wp-json\/wp\/v2\/tags?post=65615"}],"curies":[{"name":"wp","href":"https:\/\/api.w.org\/{rel}","templated":true}]}}