{"id":65619,"date":"2025-07-03T08:20:06","date_gmt":"2025-07-03T06:20:06","guid":{"rendered":"https:\/\/www.o-p-i.fr\/parlonsen\/?p=65619"},"modified":"2025-07-03T13:34:25","modified_gmt":"2025-07-03T11:34:25","slug":"amareia-en-concert-a-bruniquel-82","status":"publish","type":"post","link":"https:\/\/www.o-p-i.fr\/parlonsen\/localisation\/a-cote-de-chez-nous\/amareia-en-concert-a-bruniquel-82\/","title":{"rendered":"Amareia en concert &#8230;\u00e0 Bruniquel (82)"},"content":{"rendered":"<p><strong>Samedi 5 juillet 2025<\/strong>, \u00e0 partir de 19h.30 au Ch\u00e2teau.<!--more--><\/p>\n<p><img data-recalc-dims=\"1\" loading=\"lazy\" decoding=\"async\" class=\"alignright size-full wp-image-65620\" src=\"https:\/\/i0.wp.com\/www.o-p-i.fr\/parlonsen\/wp-content\/uploads\/amareia.jpg?resize=425%2C502&#038;ssl=1\" alt=\"\" width=\"425\" height=\"502\" srcset=\"https:\/\/i0.wp.com\/www.o-p-i.fr\/parlonsen\/wp-content\/uploads\/amareia.jpg?w=425&amp;ssl=1 425w, https:\/\/i0.wp.com\/www.o-p-i.fr\/parlonsen\/wp-content\/uploads\/amareia.jpg?resize=254%2C300&amp;ssl=1 254w\" sizes=\"auto, (max-width: 425px) 100vw, 425px\" \/>Vivez une soir\u00e9e musicale magique au Ch\u00e2teau de Bruniquel avec Amareia et ses musiciens !<br \/>\nUne soir\u00e9e unique au Ch\u00e2teau de Bruniquel. \u00c0 20h30, laissez-vous s\u00e9duire par le piano-voix de Maryline Dumont, puis \u00e0 22h, laissez-vous transporter par les rythmes captivants d\u2019Amareia et ses musiciens. Un moment suspendu, entre musique et ciel \u00e9toil\u00e9.<\/p>\n<p>Heure d\u2019arriv\u00e9e conseill\u00e9e : 19h30 \/\/ Plusieurs parkings proches du Ch\u00e2teau, accessibles \u00e0 pied. Les v\u00e9hicules transportant des personnes \u00e0 mobilit\u00e9 r\u00e9duite peuvent d\u00e9poser leurs passagers devant nos guichets \u00e0 l\u2019entr\u00e9e du Ch\u00e2teau.<\/p>\n<p>Tarif : 15\u20ac<br \/>\nGratuit pour les moins de 18 ans.<\/p>\n<p><em>Information communiqu\u00e9e par la Commune<\/em><\/p>\n<p><a href=\"http:\/\/www.o-p-i.fr\/parlonsen\/agenda\/\">Retrouvez tous les \u00e9v\u00e9nements dans l&rsquo;agenda !<\/a><\/p>\n","protected":false},"excerpt":{"rendered":"<div class=\"mh-excerpt\">Samedi 5 juillet 2025, \u00e0 partir de 19h.30 au Ch\u00e2teau.<\/div>\n","protected":false},"author":4,"featured_media":59483,"comment_status":"open","ping_status":"open","sticky":false,"template":"","format":"standard","meta":{"om_disable_all_campaigns":false,"advanced_seo_description":"","jetpack_seo_html_title":"","jetpack_seo_noindex":false,"_jetpack_memberships_contains_paid_content":false,"footnotes":"","_links_to":"","_links_to_target":""},"categories":[52,6422,42,6420,54],"tags":[171,4320,6340,6421],"class_list":{"0":"post-65619","1":"post","2":"type-post","3":"status-publish","4":"format-standard","5":"has-post-thumbnail","7":"category-parlons-en","8":"category-bruniquel","9":"category-a-cote-de-chez-nous","10":"category-n-232-juillet-2025","11":"category-loisirs","12":"tag-bruniquel","13":"tag-chateau-de-bruniquel","14":"tag-a-la-une","15":"tag-s2725"},"jetpack_featured_media_url":"https:\/\/i0.wp.com\/www.o-p-i.fr\/parlonsen\/wp-content\/uploads\/Bruniquel-logo.jpg?fit=276%2C181&ssl=1","views":"","jetpack_likes_enabled":true,"jetpack_sharing_enabled":true,"jetpack_shortlink":"https:\/\/wp.me\/pg7Wxj-h4n","jetpack-related-posts":[],"_links":{"self":[{"href":"https:\/\/www.o-p-i.fr\/parlonsen\/wp-json\/wp\/v2\/posts\/65619","targetHints":{"allow":["GET"]}}],"collection":[{"href":"https:\/\/www.o-p-i.fr\/parlonsen\/wp-json\/wp\/v2\/posts"}],"about":[{"href":"https:\/\/www.o-p-i.fr\/parlonsen\/wp-json\/wp\/v2\/types\/post"}],"author":[{"embeddable":true,"href":"https:\/\/www.o-p-i.fr\/parlonsen\/wp-json\/wp\/v2\/users\/4"}],"replies":[{"embeddable":true,"href":"https:\/\/www.o-p-i.fr\/parlonsen\/wp-json\/wp\/v2\/comments?post=65619"}],"version-history":[{"count":0,"href":"https:\/\/www.o-p-i.fr\/parlonsen\/wp-json\/wp\/v2\/posts\/65619\/revisions"}],"wp:featuredmedia":[{"embeddable":true,"href":"https:\/\/www.o-p-i.fr\/parlonsen\/wp-json\/wp\/v2\/media\/59483"}],"wp:attachment":[{"href":"https:\/\/www.o-p-i.fr\/parlonsen\/wp-json\/wp\/v2\/media?parent=65619"}],"wp:term":[{"taxonomy":"category","embeddable":true,"href":"https:\/\/www.o-p-i.fr\/parlonsen\/wp-json\/wp\/v2\/categories?post=65619"},{"taxonomy":"post_tag","embeddable":true,"href":"https:\/\/www.o-p-i.fr\/parlonsen\/wp-json\/wp\/v2\/tags?post=65619"}],"curies":[{"name":"wp","href":"https:\/\/api.w.org\/{rel}","templated":true}]}}