{"id":65624,"date":"2025-07-03T09:30:02","date_gmt":"2025-07-03T07:30:02","guid":{"rendered":"https:\/\/www.o-p-i.fr\/parlonsen\/?p=65624"},"modified":"2025-07-03T13:15:43","modified_gmt":"2025-07-03T11:15:43","slug":"fete-occitane-a-rabastens-81","status":"publish","type":"post","link":"https:\/\/www.o-p-i.fr\/parlonsen\/parlons-en\/pratique\/fete-occitane-a-rabastens-81\/","title":{"rendered":"F\u00eate Occitane &#8230;\u00e0 Rabastens (81)"},"content":{"rendered":"<p><strong>Vendredi 4, Samedi 5 et dimanche 6 juillet\u00a0 2025<\/strong>, voir programme: <!--more--><\/p>\n<p><img data-recalc-dims=\"1\" loading=\"lazy\" decoding=\"async\" class=\"alignright size-full wp-image-65625\" src=\"https:\/\/i0.wp.com\/www.o-p-i.fr\/parlonsen\/wp-content\/uploads\/Rabast.jpg?resize=425%2C601&#038;ssl=1\" alt=\"\" width=\"425\" height=\"601\" srcset=\"https:\/\/i0.wp.com\/www.o-p-i.fr\/parlonsen\/wp-content\/uploads\/Rabast.jpg?w=425&amp;ssl=1 425w, https:\/\/i0.wp.com\/www.o-p-i.fr\/parlonsen\/wp-content\/uploads\/Rabast.jpg?resize=212%2C300&amp;ssl=1 212w\" sizes=\"auto, (max-width: 425px) 100vw, 425px\" \/>\u00a0Nous serons au festival la Rabastinh\u00f2la toute la journ\u00e9e de samedi !<\/p>\n<ul>\n<li>\u00c0 11H30 Daniel Loddo vous pr\u00e9sentera notre derni\u00e8re \u00e9dition Musicas d&rsquo;Occit\u00e0nia &#8211; Le temps des m\u00e9n\u00e9triers, pr\u00e9sentation qui sera suivie d&rsquo;un ap\u00e9ritif offert par lo Comitat festaire !<\/li>\n<li>\u00c0 16h00, Daniel Loddo totjorn et C\u00e9line Ricard vos menar\u00e0n viatjar dins los contes e legendas d&rsquo;Occit\u00e0nia (bilingue)&#8230;<\/li>\n<li>\u00c0 17h30, il sera temps de se mettre en jambes pour les festivit\u00e9s du soir, avec l&rsquo;initiation aux danses occitanes.<\/li>\n<\/ul>\n<p>E per plan bolegar an\u00e8it, vous retrouverez Frezinat, La Talvera, plan segur, suivi de Brick \u00e0 Drac !<\/p>\n<p>Tota la jornada, vous aurez l&rsquo;occasion de d\u00e9couvrir notre travail, nos publications et Cd au stand de La Talvera, et enfin, tota la dimenjada, vous pourrez d\u00e9couvrir (ou red\u00e9couvrir) notre exposition Musicas popularas de Tarn e de Lengad\u00f2c naut (Musiques populaires du Tarn et du Haut-Languedoc) !<\/p>\n<p><em>Information communiqu\u00e9e par La Talv\u00e9ra<\/em><\/p>\n<p><a href=\"http:\/\/www.o-p-i.fr\/parlonsen\/agenda\/\">Retrouvez tous les \u00e9v\u00e9nements dans l&rsquo;agenda !<\/a><\/p>\n<p>&nbsp;<\/p>\n","protected":false},"excerpt":{"rendered":"<div class=\"mh-excerpt\">Vendredi 4, Samedi 5 et dimanche 6 juillet\u00a0 2025, voir programme:<\/div>\n","protected":false},"author":4,"featured_media":17507,"comment_status":"open","ping_status":"open","sticky":false,"template":"","format":"standard","meta":{"om_disable_all_campaigns":false,"advanced_seo_description":"","jetpack_seo_html_title":"","jetpack_seo_noindex":false,"_jetpack_memberships_contains_paid_content":false,"footnotes":"","_links_to":"","_links_to_target":""},"categories":[52,42,6420,54,6,6411],"tags":[72,677,4797,6421],"class_list":{"0":"post-65624","1":"post","2":"type-post","3":"status-publish","4":"format-standard","5":"has-post-thumbnail","7":"category-parlons-en","8":"category-a-cote-de-chez-nous","9":"category-n-232-juillet-2025","10":"category-loisirs","11":"category-pratique","12":"category-rabastens","13":"tag-rabastens","14":"tag-festival","15":"tag-cordae","16":"tag-s2725"},"jetpack_featured_media_url":"https:\/\/i0.wp.com\/www.o-p-i.fr\/parlonsen\/wp-content\/uploads\/occitanie.jpg?fit=340%2C307&ssl=1","views":"","jetpack_likes_enabled":true,"jetpack_sharing_enabled":true,"jetpack_shortlink":"https:\/\/wp.me\/pg7Wxj-h4s","jetpack-related-posts":[],"_links":{"self":[{"href":"https:\/\/www.o-p-i.fr\/parlonsen\/wp-json\/wp\/v2\/posts\/65624","targetHints":{"allow":["GET"]}}],"collection":[{"href":"https:\/\/www.o-p-i.fr\/parlonsen\/wp-json\/wp\/v2\/posts"}],"about":[{"href":"https:\/\/www.o-p-i.fr\/parlonsen\/wp-json\/wp\/v2\/types\/post"}],"author":[{"embeddable":true,"href":"https:\/\/www.o-p-i.fr\/parlonsen\/wp-json\/wp\/v2\/users\/4"}],"replies":[{"embeddable":true,"href":"https:\/\/www.o-p-i.fr\/parlonsen\/wp-json\/wp\/v2\/comments?post=65624"}],"version-history":[{"count":0,"href":"https:\/\/www.o-p-i.fr\/parlonsen\/wp-json\/wp\/v2\/posts\/65624\/revisions"}],"wp:featuredmedia":[{"embeddable":true,"href":"https:\/\/www.o-p-i.fr\/parlonsen\/wp-json\/wp\/v2\/media\/17507"}],"wp:attachment":[{"href":"https:\/\/www.o-p-i.fr\/parlonsen\/wp-json\/wp\/v2\/media?parent=65624"}],"wp:term":[{"taxonomy":"category","embeddable":true,"href":"https:\/\/www.o-p-i.fr\/parlonsen\/wp-json\/wp\/v2\/categories?post=65624"},{"taxonomy":"post_tag","embeddable":true,"href":"https:\/\/www.o-p-i.fr\/parlonsen\/wp-json\/wp\/v2\/tags?post=65624"}],"curies":[{"name":"wp","href":"https:\/\/api.w.org\/{rel}","templated":true}]}}