{"id":65663,"date":"2025-07-04T19:30:48","date_gmt":"2025-07-04T17:30:48","guid":{"rendered":"https:\/\/www.o-p-i.fr\/parlonsen\/?p=65663"},"modified":"2025-07-18T12:43:15","modified_gmt":"2025-07-18T10:43:15","slug":"une-orchidee-mediterraneenne-sinvite-en-tarn-et-garonne","status":"publish","type":"post","link":"https:\/\/www.o-p-i.fr\/parlonsen\/parlons-en\/editorial\/une-orchidee-mediterraneenne-sinvite-en-tarn-et-garonne\/","title":{"rendered":"Une orchid\u00e9e m\u00e9diterran\u00e9enne s&rsquo;invite en Tarn-et-Garonne"},"content":{"rendered":"<div><img data-recalc-dims=\"1\" loading=\"lazy\" decoding=\"async\" class=\"size-medium wp-image-65664 alignright\" src=\"https:\/\/i0.wp.com\/www.o-p-i.fr\/parlonsen\/wp-content\/uploads\/20250611-photo-edito-nico.jpg?resize=300%2C300&#038;ssl=1\" alt=\"\" width=\"300\" height=\"300\" srcset=\"https:\/\/i0.wp.com\/www.o-p-i.fr\/parlonsen\/wp-content\/uploads\/20250611-photo-edito-nico-scaled.jpg?resize=300%2C300&amp;ssl=1 300w, https:\/\/i0.wp.com\/www.o-p-i.fr\/parlonsen\/wp-content\/uploads\/20250611-photo-edito-nico-scaled.jpg?resize=1024%2C1024&amp;ssl=1 1024w, https:\/\/i0.wp.com\/www.o-p-i.fr\/parlonsen\/wp-content\/uploads\/20250611-photo-edito-nico-scaled.jpg?resize=50%2C50&amp;ssl=1 50w, https:\/\/i0.wp.com\/www.o-p-i.fr\/parlonsen\/wp-content\/uploads\/20250611-photo-edito-nico-scaled.jpg?resize=768%2C768&amp;ssl=1 768w, https:\/\/i0.wp.com\/www.o-p-i.fr\/parlonsen\/wp-content\/uploads\/20250611-photo-edito-nico-scaled.jpg?resize=1536%2C1536&amp;ssl=1 1536w, https:\/\/i0.wp.com\/www.o-p-i.fr\/parlonsen\/wp-content\/uploads\/20250611-photo-edito-nico-scaled.jpg?resize=2048%2C2048&amp;ssl=1 2048w, https:\/\/i0.wp.com\/www.o-p-i.fr\/parlonsen\/wp-content\/uploads\/20250611-photo-edito-nico-scaled.jpg?resize=375%2C375&amp;ssl=1 375w\" sizes=\"auto, (max-width: 300px) 100vw, 300px\" \/>Les orchid\u00e9es sauvages de France suscitent un engouement croissant, tant leurs formes sont \u00e9tonnantes et leurs esp\u00e8ces nombreuses. On d\u00e9nombre pr\u00e8s de 170 esp\u00e8ces diff\u00e9rentes sur le territoire national, dont plus de 90 rien qu\u2019en r\u00e9gion Midi-Pyr\u00e9n\u00e9es. Le Tarn-et-Garonne n\u2019est pas en reste, avec une cinquantaine d\u2019esp\u00e8ces recens\u00e9es \u00e0 ce jour.<\/div>\n<div><\/div>\n<div>Parmi ces tr\u00e9sors botaniques, une d\u00e9couverte r\u00e9cente a particuli\u00e8rement attir\u00e9 l\u2019attention des naturalistes. En mai 2023, une nouvelle venue a \u00e9t\u00e9 observ\u00e9e pour la premi\u00e8re fois dans le d\u00e9partement : l\u2019Orchis papillon (Anacamptis papilionacea). Habituellement inf\u00e9od\u00e9e aux zones du pourtour m\u00e9diterran\u00e9en, cette orchid\u00e9e peu commune \u00e9tonne par sa pr\u00e9sence inattendue en Tarn-et-Garonne.<\/div>\n<div><\/div>\n<div>Cette observation t\u00e9moigne une fois de plus de la richesse et de la diversit\u00e9 floristique de notre r\u00e9gion, et invite curieux comme passionn\u00e9s \u00e0 ouvrir grand les yeux lors de leurs balades printani\u00e8res. Les orchid\u00e9es, discr\u00e8tes mais fascinantes, r\u00e9servent encore bien des surprises.<\/div>\n<div><\/div>\n<div>Avec le r\u00e9chauffement climatique, les conditions \u00e9cologiques \u00e9voluent rapidement, modifiant les aires de r\u00e9partition de certaines esp\u00e8ces. Il n\u2019est donc pas impossible que l\u2019avenir nous r\u00e9serve d\u2019autres d\u00e9couvertes inattendues. Une bonne raison de plus pour rester attentifs \u00e0 la nature qui nous entoure.<\/div>\n<div>\n<p dir=\"ltr\">\n<p dir=\"ltr\"><div class=\"card\" style=\"width: 350px;\">\r\n<div class=\"card-body\">\r\n<h3 class=\"card-title text-center bg-light\">Fiche Auteur<\/h3>\r\n<a href=\"https:\/\/www.o-p-i.fr\/7alire\/nicolas-duivon\/nicolas-duivon-auteur\/\" target=\"_blank\" rel=\"noopener\">\r\n<img data-recalc-dims=\"1\" decoding=\"async\" class=\"card-img\" src=\"https:\/\/i0.wp.com\/www.o-p-i.fr\/7alire\/wp-content\/uploads\/2025-photo-auteur-nicolas-duivon-scaled-e1765108565599.jpg?ssl=1\" alt=\"Nicolas Duivon\" \/><\/a>\r\n<p class=\"card-text\">Nicolas Duivon<\/p>\r\n<a class=\"btn btn-primary\" href=\"https:\/\/www.o-p-i.fr\/7alire\/nicolas-duivon\/nicolas-duivon-auteur\/\" target=\"_blank\" rel=\"noopener\">Auteur Nicolas Duivon<i class=\"fa-solid fa-arrow-up-right-from-square\"><\/i><\/a>\r\n\r\n<\/div>\r\n<\/div><\/p>\n<\/div>\n","protected":false},"excerpt":{"rendered":"<div class=\"mh-excerpt\">Les orchid\u00e9es sauvages de France suscitent un engouement croissant, tant leurs formes sont \u00e9tonnantes et leurs esp\u00e8ces nombreuses. On d\u00e9nombre pr\u00e8s de 170 esp\u00e8ces diff\u00e9rentes sur le territoire national, dont plus de 90 rien qu\u2019en <a class=\"mh-excerpt-more\" href=\"https:\/\/www.o-p-i.fr\/parlonsen\/parlons-en\/editorial\/une-orchidee-mediterraneenne-sinvite-en-tarn-et-garonne\/\" title=\"Une orchid\u00e9e m\u00e9diterran\u00e9enne s&rsquo;invite en Tarn-et-Garonne\">[&#8230;]<\/a><\/div>\n","protected":false},"author":9,"featured_media":65664,"comment_status":"open","ping_status":"open","sticky":false,"template":"","format":"standard","meta":{"om_disable_all_campaigns":false,"advanced_seo_description":"","jetpack_seo_html_title":"","jetpack_seo_noindex":false,"_jetpack_memberships_contains_paid_content":false,"footnotes":"","_links_to":"","_links_to_target":""},"categories":[36,6374],"tags":[105,1516,2064],"class_list":{"0":"post-65663","1":"post","2":"type-post","3":"status-publish","4":"format-standard","5":"has-post-thumbnail","7":"category-editorial","8":"category-n232-juillet-2025","9":"tag-nature","10":"tag-orchidees","11":"tag-fleurs"},"jetpack_featured_media_url":"https:\/\/i0.wp.com\/www.o-p-i.fr\/parlonsen\/wp-content\/uploads\/20250611-photo-edito-nico-scaled.jpg?fit=2560%2C2560&ssl=1","views":"","jetpack_likes_enabled":true,"jetpack_sharing_enabled":true,"jetpack_shortlink":"https:\/\/wp.me\/pg7Wxj-h55","jetpack-related-posts":[],"_links":{"self":[{"href":"https:\/\/www.o-p-i.fr\/parlonsen\/wp-json\/wp\/v2\/posts\/65663","targetHints":{"allow":["GET"]}}],"collection":[{"href":"https:\/\/www.o-p-i.fr\/parlonsen\/wp-json\/wp\/v2\/posts"}],"about":[{"href":"https:\/\/www.o-p-i.fr\/parlonsen\/wp-json\/wp\/v2\/types\/post"}],"author":[{"embeddable":true,"href":"https:\/\/www.o-p-i.fr\/parlonsen\/wp-json\/wp\/v2\/users\/9"}],"replies":[{"embeddable":true,"href":"https:\/\/www.o-p-i.fr\/parlonsen\/wp-json\/wp\/v2\/comments?post=65663"}],"version-history":[{"count":0,"href":"https:\/\/www.o-p-i.fr\/parlonsen\/wp-json\/wp\/v2\/posts\/65663\/revisions"}],"wp:featuredmedia":[{"embeddable":true,"href":"https:\/\/www.o-p-i.fr\/parlonsen\/wp-json\/wp\/v2\/media\/65664"}],"wp:attachment":[{"href":"https:\/\/www.o-p-i.fr\/parlonsen\/wp-json\/wp\/v2\/media?parent=65663"}],"wp:term":[{"taxonomy":"category","embeddable":true,"href":"https:\/\/www.o-p-i.fr\/parlonsen\/wp-json\/wp\/v2\/categories?post=65663"},{"taxonomy":"post_tag","embeddable":true,"href":"https:\/\/www.o-p-i.fr\/parlonsen\/wp-json\/wp\/v2\/tags?post=65663"}],"curies":[{"name":"wp","href":"https:\/\/api.w.org\/{rel}","templated":true}]}}