{"id":65737,"date":"2025-07-13T09:14:43","date_gmt":"2025-07-13T07:14:43","guid":{"rendered":"https:\/\/www.o-p-i.fr\/parlonsen\/?p=65737"},"modified":"2025-11-05T00:22:44","modified_gmt":"2025-11-04T23:22:44","slug":"lecomarche-a-salvagnac-81","status":"publish","type":"post","link":"https:\/\/www.o-p-i.fr\/parlonsen\/localisation\/au-pays-des-tescous\/salvagnac\/lecomarche-a-salvagnac-81\/","title":{"rendered":"L&rsquo;Ecomarche&#8230; \u00e0 Salvagnac (81)"},"content":{"rendered":"<p><strong>Vendredi 5 septembre 2025<\/strong>, de 10h. \u00e0 11h.30, \u00e0 l&rsquo;Ecrin.<!--more--><\/p>\n<h3 style=\"text-align: center;\"><img data-recalc-dims=\"1\" loading=\"lazy\" decoding=\"async\" class=\"alignright size-full wp-image-65738\" src=\"https:\/\/i0.wp.com\/www.o-p-i.fr\/parlonsen\/wp-content\/uploads\/ecomarche.jpg?resize=425%2C600&#038;ssl=1\" alt=\"\" width=\"425\" height=\"600\" srcset=\"https:\/\/i0.wp.com\/www.o-p-i.fr\/parlonsen\/wp-content\/uploads\/ecomarche.jpg?w=425&amp;ssl=1 425w, https:\/\/i0.wp.com\/www.o-p-i.fr\/parlonsen\/wp-content\/uploads\/ecomarche.jpg?resize=213%2C300&amp;ssl=1 213w\" sizes=\"auto, (max-width: 425px) 100vw, 425px\" \/>Mon Ecomarche<\/h3>\n<p>La marche comme atout sant\u00e9, z\u00e9ro \u00e9mission de carbone d\u00e9pens\u00e9 !<br \/>\nPour les seniors de la commune de SALVAGNAC<br \/>\nSol\u00e8ne, enseignante dipl\u00f4m\u00e9e en activit\u00e9 physique adapt\u00e9e au sein du collectif Et\u00e9 Indien, sera pr\u00e9sente le 5\/09\/2025 prochain, de 10h \u00e0 11h30, dans la grande salle de l\u2019Ecrin, 3 place de l\u2019Eglise \u00e0 Salvagnac, pour pr\u00e9senter \u00ab\u00a0Mon Ecomarche\u00a0\u00bb, un programme de sorties de marche s\u2019adressant aux personnes d\u00e9sireuses de pratiquer une activit\u00e9 physique douce et respectueuse de l\u2019environnement.<br \/>\nLe contenu des marches int\u00e8gre des propositions d\u2019exercices ludiques facilement reproductibles en autonomie, ainsi que des messages de pr\u00e9vention autour des principaux axes du d\u00e9veloppement durable. Le but \u00e9tant de transmettre les bonnes pratiques et de mesurer si les comportements actifs et \u00e9co-responsables s\u2019inscrivent dans la dur\u00e9e.<br \/>\nPendant 6 mois (24 s\u00e9ances), les participants se retrouveront chaque semaine pour pratiquer de l\u2019activit\u00e9 physique en groupe. Ils auront aussi l\u2019occasion d\u2019inviter leurs petits-enfants pour partager quelques s\u00e9ances.<br \/>\nCette action est totalement gratuite car financ\u00e9e par la Commission des financeurs de la pr\u00e9vention et de la perte d\u2019autonomie du Tarn, en partenariat avec la commune et le CCAS de Salvagnac.<br \/>\nConditions d\u2019inscription\u00a0: \u00catre retrait\u00e9(e) de 60 ans et plus et en capacit\u00e9 de marcher 45 min \u00e0 allure mod\u00e9r\u00e9e. Contactez \u00ab\u00a0Et\u00e9 Indien\u00a0\u00bb pour plus d\u2019informations ou pour vous inscrire au 03 10 93 06 60 et demandez St\u00e9phanie,<br \/>\nou \u00e0 l\u2019adresse <a href=\"mailto:groupe@ete-indien-editions.fr\" target=\"_blank\" rel=\"noopener\">groupe@ete-indien-editions.fr<\/a>.<\/p>\n<p><em>Information communiqu\u00e9e par Fr\u00e9d\u00e9rique MASSAT<\/em><\/p>\n<p><a href=\"http:\/\/www.o-p-i.fr\/parlonsen\/agenda\/\">Retrouvez tous les \u00e9v\u00e9nements dans l&rsquo;agenda !<\/a><\/p>\n","protected":false},"excerpt":{"rendered":"<div class=\"mh-excerpt\">Vendredi 5 septembre 2025, de 10h. \u00e0 11h.30, \u00e0 l&rsquo;Ecrin.<\/div>\n","protected":false},"author":4,"featured_media":44681,"comment_status":"open","ping_status":"open","sticky":false,"template":"","format":"standard","meta":{"om_disable_all_campaigns":false,"advanced_seo_description":"","jetpack_seo_html_title":"","jetpack_seo_noindex":false,"_jetpack_memberships_contains_paid_content":false,"footnotes":"","_links_to":"","_links_to_target":""},"categories":[53,25,6376],"tags":[4427,6439,6471],"class_list":{"0":"post-65737","1":"post","2":"type-post","3":"status-publish","4":"format-standard","5":"has-post-thumbnail","7":"category-sports","8":"category-salvagnac","9":"category-n234-septembre-2025","10":"tag-lecrin","11":"tag-sport-marche","12":"tag-s3625"},"jetpack_featured_media_url":"https:\/\/i0.wp.com\/www.o-p-i.fr\/parlonsen\/wp-content\/uploads\/bibli-Salvagnac.jpg?fit=283%2C191&ssl=1","views":"","jetpack_likes_enabled":true,"jetpack_sharing_enabled":true,"jetpack_shortlink":"https:\/\/wp.me\/pg7Wxj-h6h","jetpack-related-posts":[],"_links":{"self":[{"href":"https:\/\/www.o-p-i.fr\/parlonsen\/wp-json\/wp\/v2\/posts\/65737","targetHints":{"allow":["GET"]}}],"collection":[{"href":"https:\/\/www.o-p-i.fr\/parlonsen\/wp-json\/wp\/v2\/posts"}],"about":[{"href":"https:\/\/www.o-p-i.fr\/parlonsen\/wp-json\/wp\/v2\/types\/post"}],"author":[{"embeddable":true,"href":"https:\/\/www.o-p-i.fr\/parlonsen\/wp-json\/wp\/v2\/users\/4"}],"replies":[{"embeddable":true,"href":"https:\/\/www.o-p-i.fr\/parlonsen\/wp-json\/wp\/v2\/comments?post=65737"}],"version-history":[{"count":1,"href":"https:\/\/www.o-p-i.fr\/parlonsen\/wp-json\/wp\/v2\/posts\/65737\/revisions"}],"predecessor-version":[{"id":66867,"href":"https:\/\/www.o-p-i.fr\/parlonsen\/wp-json\/wp\/v2\/posts\/65737\/revisions\/66867"}],"wp:featuredmedia":[{"embeddable":true,"href":"https:\/\/www.o-p-i.fr\/parlonsen\/wp-json\/wp\/v2\/media\/44681"}],"wp:attachment":[{"href":"https:\/\/www.o-p-i.fr\/parlonsen\/wp-json\/wp\/v2\/media?parent=65737"}],"wp:term":[{"taxonomy":"category","embeddable":true,"href":"https:\/\/www.o-p-i.fr\/parlonsen\/wp-json\/wp\/v2\/categories?post=65737"},{"taxonomy":"post_tag","embeddable":true,"href":"https:\/\/www.o-p-i.fr\/parlonsen\/wp-json\/wp\/v2\/tags?post=65737"}],"curies":[{"name":"wp","href":"https:\/\/api.w.org\/{rel}","templated":true}]}}