{"id":65765,"date":"2025-07-16T10:15:57","date_gmt":"2025-07-16T08:15:57","guid":{"rendered":"https:\/\/www.o-p-i.fr\/parlonsen\/?p=65765"},"modified":"2025-07-25T16:36:53","modified_gmt":"2025-07-25T14:36:53","slug":"gymnastique-a-verlhac-tescou-2","status":"publish","type":"post","link":"https:\/\/www.o-p-i.fr\/parlonsen\/localisation\/au-pays-des-tescous\/verlhac-tescou\/gymnastique-a-verlhac-tescou-2\/","title":{"rendered":"\u00ab\u00a0Gymnastique\u00a0\u00bb&#8230; \u00e0 Verlhac-Tescou (82)"},"content":{"rendered":"<p>D\u00e9marrage <strong>jeudi 4 septembre 2025<\/strong>, de Verlha&rsquo;Gym, voir programme:<!--more--><\/p>\n<h3 style=\"text-align: center;\"><strong>\u00a0Nouveaut\u00e9 cette ann\u00e9e:<\/strong><\/h3>\n<ul>\n<li>1- mis en place deux cours multisport pour les enfants le mercredi matin, un \u00e0 9h30 pour le niveau primaire, un \u00e0 10h30 pour le niveau maternelle.<br \/>\nLe multisport permet aux enfants de d\u00e9couvrir plusieurs sports : sport de balles, ballons, athl\u00e9tisme, etc&#8230; &#8211; Affiche ci-joint<\/li>\n<li>2- maintien du cour sport sant\u00e9 pour les personnes qui souhaitent reprendre en douceur ou travailler un point en particulier (exemple : n&rsquo;arrive pas \u00e0 s&rsquo;allonger sur son tapis au sol, souhaite apprendre \u00e0 se relever seul(e) apr\u00e8s une chute etc&#8230; au vu des retours positifs du groupe de cette ann\u00e9e nous maintenons ce cour si nous avons assez de participants) &#8211; Affiche ci-joint<\/li>\n<li>3- r\u00e9servation possible en copiant dans la barre de recherche le lien ci-joint : <a href=\"https:\/\/forms.gle\/XuufAwseyg8zyMJ1A\" target=\"_blank\" rel=\"noopener\">https:\/\/forms.gle\/XuufAwseyg8zyMJ1A<\/a><br \/>\nMais si la personne n&rsquo;a pas de r\u00e9seau, elle peut aussi nous contacter (contact sur l&rsquo;affiche du programme).<\/li>\n<\/ul>\n<p><img data-recalc-dims=\"1\" loading=\"lazy\" decoding=\"async\" class=\"aligncenter size-full wp-image-65766\" src=\"https:\/\/i0.wp.com\/www.o-p-i.fr\/parlonsen\/wp-content\/uploads\/Verlha-Gym-1.jpg?resize=624%2C1109&#038;ssl=1\" alt=\"\" width=\"624\" height=\"1109\" srcset=\"https:\/\/i0.wp.com\/www.o-p-i.fr\/parlonsen\/wp-content\/uploads\/Verlha-Gym-1.jpg?w=624&amp;ssl=1 624w, https:\/\/i0.wp.com\/www.o-p-i.fr\/parlonsen\/wp-content\/uploads\/Verlha-Gym-1.jpg?resize=169%2C300&amp;ssl=1 169w, https:\/\/i0.wp.com\/www.o-p-i.fr\/parlonsen\/wp-content\/uploads\/Verlha-Gym-1.jpg?resize=576%2C1024&amp;ssl=1 576w\" sizes=\"auto, (max-width: 624px) 100vw, 624px\" \/><\/p>\n<p><img data-recalc-dims=\"1\" loading=\"lazy\" decoding=\"async\" class=\"aligncenter size-full wp-image-65767\" src=\"https:\/\/i0.wp.com\/www.o-p-i.fr\/parlonsen\/wp-content\/uploads\/Verlha-Gym-2.jpg?resize=624%2C366&#038;ssl=1\" alt=\"\" width=\"624\" height=\"366\" srcset=\"https:\/\/i0.wp.com\/www.o-p-i.fr\/parlonsen\/wp-content\/uploads\/Verlha-Gym-2.jpg?w=624&amp;ssl=1 624w, https:\/\/i0.wp.com\/www.o-p-i.fr\/parlonsen\/wp-content\/uploads\/Verlha-Gym-2.jpg?resize=300%2C176&amp;ssl=1 300w\" sizes=\"auto, (max-width: 624px) 100vw, 624px\" \/><\/p>\n<p>L&rsquo;association Verlha&rsquo;Gym<\/p>\n","protected":false},"excerpt":{"rendered":"<div class=\"mh-excerpt\">D\u00e9marrage jeudi 4 septembre 2025, de Verlha&rsquo;Gym, voir programme:<\/div>\n","protected":false},"author":4,"featured_media":65768,"comment_status":"open","ping_status":"open","sticky":false,"template":"","format":"standard","meta":{"om_disable_all_campaigns":false,"advanced_seo_description":"","jetpack_seo_html_title":"","jetpack_seo_noindex":false,"_jetpack_memberships_contains_paid_content":false,"footnotes":"","_links_to":"","_links_to_target":""},"categories":[53,27,6376],"tags":[1890,2601,6453],"class_list":{"0":"post-65765","1":"post","2":"type-post","3":"status-publish","4":"format-standard","5":"has-post-thumbnail","7":"category-sports","8":"category-verlhac-tescou","9":"category-n234-septembre-2025","10":"tag-gymnastique","11":"tag-gymnastique-volontaire","12":"tag-a-venir"},"jetpack_featured_media_url":"https:\/\/i0.wp.com\/www.o-p-i.fr\/parlonsen\/wp-content\/uploads\/gym-logo.jpg?fit=283%2C207&ssl=1","views":"","jetpack_likes_enabled":true,"jetpack_sharing_enabled":true,"jetpack_shortlink":"https:\/\/wp.me\/pg7Wxj-h6J","jetpack-related-posts":[],"_links":{"self":[{"href":"https:\/\/www.o-p-i.fr\/parlonsen\/wp-json\/wp\/v2\/posts\/65765","targetHints":{"allow":["GET"]}}],"collection":[{"href":"https:\/\/www.o-p-i.fr\/parlonsen\/wp-json\/wp\/v2\/posts"}],"about":[{"href":"https:\/\/www.o-p-i.fr\/parlonsen\/wp-json\/wp\/v2\/types\/post"}],"author":[{"embeddable":true,"href":"https:\/\/www.o-p-i.fr\/parlonsen\/wp-json\/wp\/v2\/users\/4"}],"replies":[{"embeddable":true,"href":"https:\/\/www.o-p-i.fr\/parlonsen\/wp-json\/wp\/v2\/comments?post=65765"}],"version-history":[{"count":0,"href":"https:\/\/www.o-p-i.fr\/parlonsen\/wp-json\/wp\/v2\/posts\/65765\/revisions"}],"wp:featuredmedia":[{"embeddable":true,"href":"https:\/\/www.o-p-i.fr\/parlonsen\/wp-json\/wp\/v2\/media\/65768"}],"wp:attachment":[{"href":"https:\/\/www.o-p-i.fr\/parlonsen\/wp-json\/wp\/v2\/media?parent=65765"}],"wp:term":[{"taxonomy":"category","embeddable":true,"href":"https:\/\/www.o-p-i.fr\/parlonsen\/wp-json\/wp\/v2\/categories?post=65765"},{"taxonomy":"post_tag","embeddable":true,"href":"https:\/\/www.o-p-i.fr\/parlonsen\/wp-json\/wp\/v2\/tags?post=65765"}],"curies":[{"name":"wp","href":"https:\/\/api.w.org\/{rel}","templated":true}]}}