{"id":6579,"date":"2011-02-09T17:53:56","date_gmt":"2011-02-09T15:53:56","guid":{"rendered":"\/parlonsen\/?p=6579"},"modified":"2011-02-09T18:23:13","modified_gmt":"2011-02-09T16:23:13","slug":"the-dansant-avec-bruno-barelli-a-leojac","status":"publish","type":"post","link":"https:\/\/www.o-p-i.fr\/parlonsen\/localisation\/au-pays-des-tescous\/leojac\/the-dansant-avec-bruno-barelli-a-leojac\/","title":{"rendered":"Th\u00e9 dansant avec Bruno Barelli &#8230; \u00e0 L\u00e9ojac"},"content":{"rendered":"<p style=\"text-align: justify;\"><span style=\"color: #800000;\"><strong>Le club des A\u00een\u00e9s de L\u00e9ojac<\/strong><\/span> vous invite \u00e0 venir nombreux au th\u00e9 dansant qu&rsquo;il organise ce <span style=\"color: #800000;\"><strong>Jeudi 17 f\u00e9vrier 2011<\/strong><\/span> \u00e0 14 heures \u00e0 la salle des f\u00eates. <!--more--><\/p>\n<div class=\"mceTemp\" style=\"text-align: justify;\">\n<dl id=\"attachment_6581\" class=\"wp-caption alignright\" style=\"width: 310px;\">\n<dt class=\"wp-caption-dt\"><img data-recalc-dims=\"1\" loading=\"lazy\" decoding=\"async\" class=\"size-full wp-image-6581\" title=\"Venez danser avec nous !\" src=\"https:\/\/i0.wp.com\/www.o-p-i.fr\/parlonsen\/wp-content\/uploads\/the_dansant_leojac1.jpg?resize=300%2C225&#038;ssl=1\" alt=\"Venez danser avec nous !\" width=\"300\" height=\"225\" \/><\/dt>\n<dd class=\"wp-caption-dd\">Venez danser avec nous !<\/dd>\n<\/dl>\n<\/div>\n<p style=\"text-align: justify;\">L&rsquo;animation sera assur\u00e9e par le talentueux accord\u00e9oniste <span style=\"color: #800000;\">Bruno Barelli<\/span>.<\/p>\n<p style=\"text-align: justify;\">Site de l&rsquo;Artiste : <a title=\"Ouvre le site dans une nouvelle fen\u00eatre\" href=\"http:\/\/www.myspace.com\/brunobarelli\" target=\"_blank\">http:\/\/www.myspace.com\/brunobarelli<\/a><\/p>\n<p style=\"text-align: justify;\"><span style=\"color: #800000;\"><strong>Renseignements et r\u00e9servations :<\/strong><\/span><br \/>\nConstance WEISS : 05 63 64 58 74<br \/>\nChristiane ESSE : 05 63 63 56 70<\/p>\n<p style=\"text-align: justify;\"><em>Communiqu\u00e9 et Photo de Robert Linas<\/em><\/p>\n<p style=\"text-align: justify;\"><a href=\"https:\/\/www.o-p-i.fr\/parlonsen\/agenda\/\"><strong>Retrouvez tous les \u00e9v\u00e8nements dans l&rsquo;agenda !<\/strong><\/a><\/p>\n","protected":false},"excerpt":{"rendered":"<div class=\"mh-excerpt\">Le club des A\u00een\u00e9s de L\u00e9ojac vous invite \u00e0 venir nombreux au th\u00e9 dansant qu&rsquo;il organise ce Jeudi 17 f\u00e9vrier 2011 \u00e0 14 heures \u00e0 la salle des f\u00eates.<\/div>\n","protected":false},"author":2,"featured_media":0,"comment_status":"open","ping_status":"open","sticky":false,"template":"","format":"standard","meta":{"om_disable_all_campaigns":false,"advanced_seo_description":"","jetpack_seo_html_title":"","jetpack_seo_noindex":false,"_jetpack_memberships_contains_paid_content":false,"footnotes":"","_links_to":"","_links_to_target":""},"categories":[30,54,839],"tags":[2553,80,82],"class_list":{"0":"post-6579","1":"post","2":"type-post","3":"status-publish","4":"format-standard","6":"category-leojac","7":"category-loisirs","8":"category-n-58-fevrier-2011","9":"tag-leojac","10":"tag-the-dansant","11":"tag-aines"},"jetpack_featured_media_url":"","views":{"total":0,"cached_at":"","cached_date":1738516184},"jetpack_likes_enabled":true,"jetpack_sharing_enabled":true,"jetpack_shortlink":"https:\/\/wp.me\/pg7Wxj-1I7","jetpack-related-posts":[],"_links":{"self":[{"href":"https:\/\/www.o-p-i.fr\/parlonsen\/wp-json\/wp\/v2\/posts\/6579","targetHints":{"allow":["GET"]}}],"collection":[{"href":"https:\/\/www.o-p-i.fr\/parlonsen\/wp-json\/wp\/v2\/posts"}],"about":[{"href":"https:\/\/www.o-p-i.fr\/parlonsen\/wp-json\/wp\/v2\/types\/post"}],"author":[{"embeddable":true,"href":"https:\/\/www.o-p-i.fr\/parlonsen\/wp-json\/wp\/v2\/users\/2"}],"replies":[{"embeddable":true,"href":"https:\/\/www.o-p-i.fr\/parlonsen\/wp-json\/wp\/v2\/comments?post=6579"}],"version-history":[{"count":0,"href":"https:\/\/www.o-p-i.fr\/parlonsen\/wp-json\/wp\/v2\/posts\/6579\/revisions"}],"wp:attachment":[{"href":"https:\/\/www.o-p-i.fr\/parlonsen\/wp-json\/wp\/v2\/media?parent=6579"}],"wp:term":[{"taxonomy":"category","embeddable":true,"href":"https:\/\/www.o-p-i.fr\/parlonsen\/wp-json\/wp\/v2\/categories?post=6579"},{"taxonomy":"post_tag","embeddable":true,"href":"https:\/\/www.o-p-i.fr\/parlonsen\/wp-json\/wp\/v2\/tags?post=6579"}],"curies":[{"name":"wp","href":"https:\/\/api.w.org\/{rel}","templated":true}]}}