{"id":65798,"date":"2025-07-17T18:26:49","date_gmt":"2025-07-17T16:26:49","guid":{"rendered":"https:\/\/www.o-p-i.fr\/parlonsen\/?p=65798"},"modified":"2025-09-09T08:05:29","modified_gmt":"2025-09-09T06:05:29","slug":"menthe-sauvage-comme-un-brin-de-faicheur","status":"publish","type":"post","link":"https:\/\/www.o-p-i.fr\/parlonsen\/parlons-en\/editorial\/menthe-sauvage-comme-un-brin-de-faicheur\/","title":{"rendered":"Menthe sauvage : comme un brin de fa\u00eecheur."},"content":{"rendered":"<div><img data-recalc-dims=\"1\" loading=\"lazy\" decoding=\"async\" class=\"size-medium wp-image-65664 alignright\" src=\"https:\/\/i0.wp.com\/www.o-p-i.fr\/parlonsen\/wp-content\/uploads\/20250717-photo-edito-nico-scaled.jpg?resize=300%2C300&#038;ssl=1\" alt=\"\" width=\"300\" height=\"300\" \/><\/p>\n<div>Parmi les plantes qui enchantent nos chemins et nos papilles, la menthe sauvage, Mentha suaveolens de son nom savant, m\u00e9rite bien plus qu\u2019un regard distrait. Appel\u00e9e aussi menthe odorante ou menthe \u00e0 feuilles rondes, cette vivace de la famille des Lamiac\u00e9es est une compagne discr\u00e8te mais pr\u00e9cieuse de nos \u00e9t\u00e9s.<\/div>\n<div><\/div>\n<div>De 10 \u00e0 80 cm de hauteur, elle se distingue par son parfum puissant, menthol\u00e9, presque enivrant, qui trahit sa pr\u00e9sence bien avant qu\u2019on ne l\u2019aper\u00e7oive. Sa tige, carr\u00e9e et velue, se dresse fi\u00e8rement, portant des feuilles oppos\u00e9es, l\u00e9g\u00e8rement gaufr\u00e9es et couvertes d\u2019un d\u00e9licat duvet blanch\u00e2tre. Sa texture presque duveteuse cache une robustesse propre aux plantes bien ancr\u00e9es dans leur milieu.<\/div>\n<div><\/div>\n<div>Quand vient la belle saison, de juillet \u00e0 septembre, elle se pare d\u2019\u00e9pis floraux coniques aux teintes blanch\u00e2tres \u00e0 ros\u00e9es, comme autant de petites flammes pastel attirant insectes et regards.<\/div>\n<div><\/div>\n<div>Mais la menthe sauvage ne se contente pas de s\u00e9duire par sa beaut\u00e9 et son parfum : elle est aussi une alli\u00e9e culinaire de choix. Ses feuilles fra\u00eeches rel\u00e8vent \u00e0 merveille un taboul\u00e9, des rouleaux de printemps ou une salade de fruits. Laisser quelques tiges infuser dans une carafe d\u2019eau suffit \u00e0 y instiller une fra\u00eecheur v\u00e9g\u00e9tale, d\u00e9salt\u00e9rante. En tisane, elle apaise les digestions capricieuses, soulage ballonnements et lourdeurs avec une douceur bienfaisante.<\/div>\n<div><\/div>\n<div>Symbole de simplicit\u00e9 et de g\u00e9n\u00e9rosit\u00e9, la menthe sauvage est une de ces plantes oubli\u00e9es qui m\u00e9ritent de retrouver leur place dans nos vies. Car parfois, il suffit d\u2019un peu de vert et d\u2019un soup\u00e7on de parfum pour r\u00e9concilier l\u2019homme avec la nature.<\/div>\n<div><\/div>\n<div>\u200c<\/p>\n<p dir=\"ltr\"><div class=\"card\" style=\"width: 350px;\">\r\n<div class=\"card-body\">\r\n<h3 class=\"card-title text-center bg-light\">Fiche Auteur<\/h3>\r\n<a href=\"https:\/\/www.o-p-i.fr\/7alire\/nicolas-duivon\/nicolas-duivon-auteur\/\" target=\"_blank\" rel=\"noopener\">\r\n<img data-recalc-dims=\"1\" decoding=\"async\" class=\"card-img\" src=\"https:\/\/i0.wp.com\/www.o-p-i.fr\/7alire\/wp-content\/uploads\/2025-photo-auteur-nicolas-duivon-scaled-e1765108565599.jpg?ssl=1\" alt=\"Nicolas Duivon\" \/><\/a>\r\n<p class=\"card-text\">Nicolas Duivon<\/p>\r\n<a class=\"btn btn-primary\" href=\"https:\/\/www.o-p-i.fr\/7alire\/nicolas-duivon\/nicolas-duivon-auteur\/\" target=\"_blank\" rel=\"noopener\">Auteur Nicolas Duivon<i class=\"fa-solid fa-arrow-up-right-from-square\"><\/i><\/a>\r\n\r\n<\/div>\r\n<\/div><\/p>\n<\/div>\n<\/div>\n\n67 vues\n","protected":false},"excerpt":{"rendered":"<div class=\"mh-excerpt\">Parmi les plantes qui enchantent nos chemins et nos papilles, la menthe sauvage, Mentha suaveolens de son nom savant, m\u00e9rite bien plus qu\u2019un regard distrait. Appel\u00e9e aussi menthe odorante ou menthe \u00e0 feuilles rondes, cette <a class=\"mh-excerpt-more\" href=\"https:\/\/www.o-p-i.fr\/parlonsen\/parlons-en\/editorial\/menthe-sauvage-comme-un-brin-de-faicheur\/\" title=\"Menthe sauvage : comme un brin de fa\u00eecheur.\">[&#8230;]<\/a><\/div>\n","protected":false},"author":9,"featured_media":65800,"comment_status":"open","ping_status":"open","sticky":false,"template":"","format":"standard","meta":{"om_disable_all_campaigns":false,"advanced_seo_description":"","jetpack_seo_html_title":"","jetpack_seo_noindex":false,"_jetpack_memberships_contains_paid_content":false,"footnotes":"","_links_to":"","_links_to_target":""},"categories":[36,6374],"tags":[105,2944],"class_list":{"0":"post-65798","1":"post","2":"type-post","3":"status-publish","4":"format-standard","5":"has-post-thumbnail","7":"category-editorial","8":"category-n232-juillet-2025","9":"tag-nature","10":"tag-pantes-sauvages"},"jetpack_featured_media_url":"https:\/\/i0.wp.com\/www.o-p-i.fr\/parlonsen\/wp-content\/uploads\/20250717-photo-edito-nico-scaled.jpg?fit=2560%2C2560&ssl=1","views":{"total":67,"cached_at":"","cached_date":1777609848},"jetpack_likes_enabled":true,"jetpack_sharing_enabled":true,"jetpack_shortlink":"https:\/\/wp.me\/pg7Wxj-h7g","jetpack-related-posts":[],"_links":{"self":[{"href":"https:\/\/www.o-p-i.fr\/parlonsen\/wp-json\/wp\/v2\/posts\/65798","targetHints":{"allow":["GET"]}}],"collection":[{"href":"https:\/\/www.o-p-i.fr\/parlonsen\/wp-json\/wp\/v2\/posts"}],"about":[{"href":"https:\/\/www.o-p-i.fr\/parlonsen\/wp-json\/wp\/v2\/types\/post"}],"author":[{"embeddable":true,"href":"https:\/\/www.o-p-i.fr\/parlonsen\/wp-json\/wp\/v2\/users\/9"}],"replies":[{"embeddable":true,"href":"https:\/\/www.o-p-i.fr\/parlonsen\/wp-json\/wp\/v2\/comments?post=65798"}],"version-history":[{"count":0,"href":"https:\/\/www.o-p-i.fr\/parlonsen\/wp-json\/wp\/v2\/posts\/65798\/revisions"}],"wp:featuredmedia":[{"embeddable":true,"href":"https:\/\/www.o-p-i.fr\/parlonsen\/wp-json\/wp\/v2\/media\/65800"}],"wp:attachment":[{"href":"https:\/\/www.o-p-i.fr\/parlonsen\/wp-json\/wp\/v2\/media?parent=65798"}],"wp:term":[{"taxonomy":"category","embeddable":true,"href":"https:\/\/www.o-p-i.fr\/parlonsen\/wp-json\/wp\/v2\/categories?post=65798"},{"taxonomy":"post_tag","embeddable":true,"href":"https:\/\/www.o-p-i.fr\/parlonsen\/wp-json\/wp\/v2\/tags?post=65798"}],"curies":[{"name":"wp","href":"https:\/\/api.w.org\/{rel}","templated":true}]}}