{"id":65843,"date":"2025-07-24T02:00:34","date_gmt":"2025-07-24T00:00:34","guid":{"rendered":"https:\/\/www.o-p-i.fr\/parlonsen\/?p=65843"},"modified":"2025-07-25T09:55:03","modified_gmt":"2025-07-25T07:55:03","slug":"caluna-concert-a-lautrec-81","status":"publish","type":"post","link":"https:\/\/www.o-p-i.fr\/parlonsen\/parlons-en\/culture\/caluna-concert-a-lautrec-81\/","title":{"rendered":"\u00ab\u00a0Caluna\u00a0\u00bb&#8230;concert \u00e0 Lautrec (81)"},"content":{"rendered":"<p><strong>Dimanche 27 juillet 2025<\/strong> \u00e0 20h au Caf\u00e9 Plum. <!--more--><\/p>\n<h3 style=\"text-align: center;\"><img data-recalc-dims=\"1\" loading=\"lazy\" decoding=\"async\" class=\"alignright size-full wp-image-65844\" src=\"https:\/\/i0.wp.com\/www.o-p-i.fr\/parlonsen\/wp-content\/uploads\/Caluna.jpg?resize=425%2C201&#038;ssl=1\" alt=\"\" width=\"425\" height=\"201\" srcset=\"https:\/\/i0.wp.com\/www.o-p-i.fr\/parlonsen\/wp-content\/uploads\/Caluna.jpg?w=425&amp;ssl=1 425w, https:\/\/i0.wp.com\/www.o-p-i.fr\/parlonsen\/wp-content\/uploads\/Caluna.jpg?resize=300%2C142&amp;ssl=1 300w\" sizes=\"auto, (max-width: 425px) 100vw, 425px\" \/>Caluna<\/h3>\n<p>Une remont\u00e9e de souvenirs, en tendres foul\u00e9es, au gr\u00e9 de l&rsquo;histoire familiale de Julie Mathevet, de ce qu&rsquo;elle retient des repas pleins de musique, des chansons improvis\u00e9es, chant\u00e9es toute son enfance. Julie y \u00e9voque la nostalgie profonde qui habite ses proches, m\u00eame ceux n\u00e9s en France. Tous sont en leur coeur des exil\u00e9s, et vivent encore avec la Sicile comme point de d\u00e9sir.<\/p>\n<p>La Sicile ou le myst\u00e8re de la connaissance instinctive et chaotique d&rsquo;une \u00eele qui n&rsquo;est pas la sienne. La Sicile, ou le bout de terre qui manquera toujours, comme un bout du corps qu&rsquo;elle n&rsquo;aurait jamais eu. La Sicile et sa musique, cette chose qui flotte autour d&rsquo;elle et en elle, comme un membre fant\u00f4me sur une eau remplie de souvenirs d&rsquo;enfance.<\/p>\n<p>instagram | facebook | site internet<\/p>\n<p><strong>Concert plein air dans la cour !<\/strong><\/p>\n<blockquote><p>Participation libre<br \/>\nsans r\u00e9servation<br \/>\nBar et restauration sur place<br \/>\nR\u00e9servation par t\u00e9l\u00e9phone<\/p><\/blockquote>\n<p><em>Caf\u00e9 Plum<\/em><br \/>\n12, rue Lengouzy<br \/>\n81440 Lautrec<\/p>\n<p><em>Information communiqu\u00e9e Le Caf\u00e9 Plum<\/em><\/p>\n<p><a href=\"http:\/\/www.o-p-i.fr\/parlonsen\/agenda\/\">Retrouvez tous les \u00e9v\u00e9nements dans l&rsquo;agenda !<\/a><\/p>\n","protected":false},"excerpt":{"rendered":"<div class=\"mh-excerpt\">Dimanche 27 juillet 2025 \u00e0 20h au Caf\u00e9 Plum.<\/div>\n","protected":false},"author":4,"featured_media":22641,"comment_status":"open","ping_status":"open","sticky":false,"template":"","format":"standard","meta":{"om_disable_all_campaigns":false,"advanced_seo_description":"","jetpack_seo_html_title":"","jetpack_seo_noindex":false,"_jetpack_memberships_contains_paid_content":false,"footnotes":"","_links_to":"","_links_to_target":""},"categories":[6457,1,6420,54],"tags":[43,6454],"class_list":{"0":"post-65843","1":"post","2":"type-post","3":"status-publish","4":"format-standard","5":"has-post-thumbnail","7":"category-lautrec","8":"category-culture","9":"category-n-232-juillet-2025","10":"category-loisirs","11":"tag-concert","12":"tag-s3025"},"jetpack_featured_media_url":"https:\/\/i0.wp.com\/www.o-p-i.fr\/parlonsen\/wp-content\/uploads\/lautrecrodriguez.jpg?fit=477%2C460&ssl=1","views":"","jetpack_likes_enabled":true,"jetpack_sharing_enabled":true,"jetpack_shortlink":"https:\/\/wp.me\/pg7Wxj-h7Z","jetpack-related-posts":[],"_links":{"self":[{"href":"https:\/\/www.o-p-i.fr\/parlonsen\/wp-json\/wp\/v2\/posts\/65843","targetHints":{"allow":["GET"]}}],"collection":[{"href":"https:\/\/www.o-p-i.fr\/parlonsen\/wp-json\/wp\/v2\/posts"}],"about":[{"href":"https:\/\/www.o-p-i.fr\/parlonsen\/wp-json\/wp\/v2\/types\/post"}],"author":[{"embeddable":true,"href":"https:\/\/www.o-p-i.fr\/parlonsen\/wp-json\/wp\/v2\/users\/4"}],"replies":[{"embeddable":true,"href":"https:\/\/www.o-p-i.fr\/parlonsen\/wp-json\/wp\/v2\/comments?post=65843"}],"version-history":[{"count":0,"href":"https:\/\/www.o-p-i.fr\/parlonsen\/wp-json\/wp\/v2\/posts\/65843\/revisions"}],"wp:featuredmedia":[{"embeddable":true,"href":"https:\/\/www.o-p-i.fr\/parlonsen\/wp-json\/wp\/v2\/media\/22641"}],"wp:attachment":[{"href":"https:\/\/www.o-p-i.fr\/parlonsen\/wp-json\/wp\/v2\/media?parent=65843"}],"wp:term":[{"taxonomy":"category","embeddable":true,"href":"https:\/\/www.o-p-i.fr\/parlonsen\/wp-json\/wp\/v2\/categories?post=65843"},{"taxonomy":"post_tag","embeddable":true,"href":"https:\/\/www.o-p-i.fr\/parlonsen\/wp-json\/wp\/v2\/tags?post=65843"}],"curies":[{"name":"wp","href":"https:\/\/api.w.org\/{rel}","templated":true}]}}