{"id":65849,"date":"2025-07-24T03:13:45","date_gmt":"2025-07-24T01:13:45","guid":{"rendered":"https:\/\/www.o-p-i.fr\/parlonsen\/?p=65849"},"modified":"2025-08-08T12:53:04","modified_gmt":"2025-08-08T10:53:04","slug":"do-montebello-musiques-et-poesies-a-cordes-sur-ciel-81","status":"publish","type":"post","link":"https:\/\/www.o-p-i.fr\/parlonsen\/parlons-en\/culture\/do-montebello-musiques-et-poesies-a-cordes-sur-ciel-81\/","title":{"rendered":"Do Montebello, musiques et po\u00e9sies&#8230;\u00e0 Cordes sur Ciel (81)"},"content":{"rendered":"<h3><strong>Samedi 2 ao\u00fbt 2025<\/strong> \u00e0 17h, Eglise Saint Michel. <!--more--><img data-recalc-dims=\"1\" loading=\"lazy\" decoding=\"async\" class=\"alignright size-full wp-image-65850\" src=\"https:\/\/i0.wp.com\/www.o-p-i.fr\/parlonsen\/wp-content\/uploads\/Montebello.jpg?resize=413%2C232&#038;ssl=1\" alt=\"\" width=\"413\" height=\"232\" srcset=\"https:\/\/i0.wp.com\/www.o-p-i.fr\/parlonsen\/wp-content\/uploads\/Montebello.jpg?w=413&amp;ssl=1 413w, https:\/\/i0.wp.com\/www.o-p-i.fr\/parlonsen\/wp-content\/uploads\/Montebello.jpg?resize=300%2C169&amp;ssl=1 300w\" sizes=\"auto, (max-width: 413px) 100vw, 413px\" \/>CONCERT Do MONTEBELLO \u00ab\u00a0Terra, Agua &amp; Sambamar\u00a0\u00bb<\/h3>\n<p>\u00ab TERRA, AGUA &amp; SAMBAMAR \u00bb est un spectacle qui unit Musiques du Monde et po\u00e9sies. Il s&rsquo;inscrit dans le cadre de l&rsquo;ann\u00e9e crois\u00e9e France-Br\u00e9sil. Accompagn\u00e9e par le guitariste Herv\u00e9 Morisot, l&rsquo;auteur-interpr\u00e8te Do Montebello a choisi d&rsquo;inviter des amis musiciens pour un combo musical \u00e9l\u00e9gant. Thierry Rougier \u00e0 la guitare et Sergio Lyra au saxophone t\u00e9nor pour interpr\u00e9ter des th\u00e8mes qui c\u00e9l\u00e8brent le vivant, les \u00e9l\u00e9ments; en un mot, la vie !<\/p>\n<p>\u00ab TERRA, AGUA &amp; SAMBAMAR \u00bb est un spectacle dont les compositions et les th\u00e8mes choisis portent amour \u00e0 la nature, \u00e0 la terre, \u00e0 l&rsquo;eau, \u00e0 la fragilit\u00e9 de la vie. Do Montebello a choisi de mettre \u00e0 l&rsquo;honneur les po\u00e9tesses du Monde telles Cora Carolina, Andr\u00e9e Chedid, Malek J\u00e2n Ne&rsquo;Mati, Cec\u00edlia Mereilles mais aussi certains auteurs que Do Montebello aime \u00e0 en perdre haleine, Atahualpa Yupanqui, Shamz de Tabriz, Herv\u00e9 Rougier, Bernard Pons.<\/p>\n<p><em>Information communiqu\u00e9e par D\u00e9mosph\u00e8re<\/em><\/p>\n<p><a href=\"http:\/\/www.o-p-i.fr\/parlonsen\/agenda\/\">Retrouvez tous les \u00e9v\u00e9nements dans l&rsquo;agenda !<\/a><\/p>\n<p>&nbsp;<\/p>\n","protected":false},"excerpt":{"rendered":"<div class=\"mh-excerpt\">Samedi 2 ao\u00fbt 2025 \u00e0 17h, Eglise Saint Michel.<\/div>\n","protected":false},"author":4,"featured_media":46055,"comment_status":"open","ping_status":"open","sticky":false,"template":"","format":"standard","meta":{"om_disable_all_campaigns":false,"advanced_seo_description":"","jetpack_seo_html_title":"","jetpack_seo_noindex":false,"_jetpack_memberships_contains_paid_content":false,"footnotes":"","_links_to":"","_links_to_target":""},"categories":[1,6458,54,6375],"tags":[43,6453],"class_list":{"0":"post-65849","1":"post","2":"type-post","3":"status-publish","4":"format-standard","5":"has-post-thumbnail","7":"category-culture","8":"category-cordes-sur-ciel","9":"category-loisirs","10":"category-n233-aout-2025","11":"tag-concert","12":"tag-a-venir"},"jetpack_featured_media_url":"https:\/\/i0.wp.com\/www.o-p-i.fr\/parlonsen\/wp-content\/uploads\/chantons-2.jpg?fit=425%2C301&ssl=1","views":"","jetpack_likes_enabled":true,"jetpack_sharing_enabled":true,"jetpack_shortlink":"https:\/\/wp.me\/pg7Wxj-h85","jetpack-related-posts":[],"_links":{"self":[{"href":"https:\/\/www.o-p-i.fr\/parlonsen\/wp-json\/wp\/v2\/posts\/65849","targetHints":{"allow":["GET"]}}],"collection":[{"href":"https:\/\/www.o-p-i.fr\/parlonsen\/wp-json\/wp\/v2\/posts"}],"about":[{"href":"https:\/\/www.o-p-i.fr\/parlonsen\/wp-json\/wp\/v2\/types\/post"}],"author":[{"embeddable":true,"href":"https:\/\/www.o-p-i.fr\/parlonsen\/wp-json\/wp\/v2\/users\/4"}],"replies":[{"embeddable":true,"href":"https:\/\/www.o-p-i.fr\/parlonsen\/wp-json\/wp\/v2\/comments?post=65849"}],"version-history":[{"count":0,"href":"https:\/\/www.o-p-i.fr\/parlonsen\/wp-json\/wp\/v2\/posts\/65849\/revisions"}],"wp:featuredmedia":[{"embeddable":true,"href":"https:\/\/www.o-p-i.fr\/parlonsen\/wp-json\/wp\/v2\/media\/46055"}],"wp:attachment":[{"href":"https:\/\/www.o-p-i.fr\/parlonsen\/wp-json\/wp\/v2\/media?parent=65849"}],"wp:term":[{"taxonomy":"category","embeddable":true,"href":"https:\/\/www.o-p-i.fr\/parlonsen\/wp-json\/wp\/v2\/categories?post=65849"},{"taxonomy":"post_tag","embeddable":true,"href":"https:\/\/www.o-p-i.fr\/parlonsen\/wp-json\/wp\/v2\/tags?post=65849"}],"curies":[{"name":"wp","href":"https:\/\/api.w.org\/{rel}","templated":true}]}}