{"id":65863,"date":"2025-07-24T04:43:44","date_gmt":"2025-07-24T02:43:44","guid":{"rendered":"https:\/\/www.o-p-i.fr\/parlonsen\/?p=65863"},"modified":"2025-08-08T12:52:17","modified_gmt":"2025-08-08T10:52:17","slug":"massilia-gipsy-band-concert-a-lautrec-81","status":"publish","type":"post","link":"https:\/\/www.o-p-i.fr\/parlonsen\/parlons-en\/loisirs\/massilia-gipsy-band-concert-a-lautrec-81\/","title":{"rendered":"Massilia Gipsy Band, concert &#8230; \u00e0  Lautrec (81)"},"content":{"rendered":"<p><strong>Mercredi 13 ao\u00fbt 2025<\/strong> \u00e0 20h, au Caf\u00e9 Plum.<!--more--><\/p>\n<h3 style=\"text-align: center;\"><img data-recalc-dims=\"1\" loading=\"lazy\" decoding=\"async\" class=\"alignright size-full wp-image-65868\" src=\"https:\/\/i0.wp.com\/www.o-p-i.fr\/parlonsen\/wp-content\/uploads\/massilia.jpg?resize=425%2C334&#038;ssl=1\" alt=\"\" width=\"425\" height=\"334\" srcset=\"https:\/\/i0.wp.com\/www.o-p-i.fr\/parlonsen\/wp-content\/uploads\/massilia.jpg?w=425&amp;ssl=1 425w, https:\/\/i0.wp.com\/www.o-p-i.fr\/parlonsen\/wp-content\/uploads\/massilia.jpg?resize=300%2C236&amp;ssl=1 300w\" sizes=\"auto, (max-width: 425px) 100vw, 425px\" \/>Massilia Gipsy Band<\/h3>\n<p>\u00c9couter le Massilia Gipsy Band, c&rsquo;est mettre le cap \u00e0 l&rsquo;Est et plonger dans une musique tzigane color\u00e9e d&rsquo;influences multiples : le klezmer, le swing, le chant lyrique ne sont jamais loin.<\/p>\n<p>Les musiciens marient gaiet\u00e9 et m\u00e9lancolie, virtuosit\u00e9 et sensibilit\u00e9, au service d&rsquo;un m\u00e9tissage musical qui ne manque jamais de faire chavirer le public. Le Massilia Gipsy Band a \u00e9t\u00e9 form\u00e9 en 2018, \u00e0 Marseille. Premier album enregistr\u00e9 en 2020.<\/p>\n<p>Cr\u00e9dit photo Jean-Paul-Cotte<br \/>\nConcert plein air dans la cour !<\/p>\n<blockquote><p>Participation libre<br \/>\nsans r\u00e9servation<br \/>\nBar et restauration sur place<br \/>\nR\u00e9servation par t\u00e9l\u00e9phone<\/p><\/blockquote>\n<p>Caf\u00e9 Plum<br \/>\n12, rue Lengouzy<br \/>\n81440 Lautrec<\/p>\n<p><em>Information communiqu\u00e9e par \u00ab\u00a0Caf\u00e9 Plum\u00a0\u00bb<\/em><\/p>\n<p><a href=\"http:\/\/www.o-p-i.fr\/parlonsen\/agenda\/\">Retrouvez tous les \u00e9v\u00e9nements dans l&rsquo;agenda !<\/a><\/p>\n","protected":false},"excerpt":{"rendered":"<div class=\"mh-excerpt\">Mercredi 13 ao\u00fbt 2025 \u00e0 20h, au Caf\u00e9 Plum.<\/div>\n","protected":false},"author":4,"featured_media":65332,"comment_status":"open","ping_status":"open","sticky":false,"template":"","format":"standard","meta":{"om_disable_all_campaigns":false,"advanced_seo_description":"","jetpack_seo_html_title":"","jetpack_seo_noindex":false,"_jetpack_memberships_contains_paid_content":false,"footnotes":"","_links_to":"","_links_to_target":""},"categories":[6457,54,6375],"tags":[3237,4936,6460,43],"class_list":{"0":"post-65863","1":"post","2":"type-post","3":"status-publish","4":"format-standard","5":"has-post-thumbnail","7":"category-lautrec","8":"category-loisirs","9":"category-n233-aout-2025","10":"tag-cafe-plum","11":"tag-cafe-associatif","12":"tag-s3225","13":"tag-concert"},"jetpack_featured_media_url":"https:\/\/i0.wp.com\/www.o-p-i.fr\/parlonsen\/wp-content\/uploads\/lapin-blanc.jpg?fit=425%2C500&ssl=1","views":"","jetpack_likes_enabled":true,"jetpack_sharing_enabled":true,"jetpack_shortlink":"https:\/\/wp.me\/pg7Wxj-h8j","jetpack-related-posts":[],"_links":{"self":[{"href":"https:\/\/www.o-p-i.fr\/parlonsen\/wp-json\/wp\/v2\/posts\/65863","targetHints":{"allow":["GET"]}}],"collection":[{"href":"https:\/\/www.o-p-i.fr\/parlonsen\/wp-json\/wp\/v2\/posts"}],"about":[{"href":"https:\/\/www.o-p-i.fr\/parlonsen\/wp-json\/wp\/v2\/types\/post"}],"author":[{"embeddable":true,"href":"https:\/\/www.o-p-i.fr\/parlonsen\/wp-json\/wp\/v2\/users\/4"}],"replies":[{"embeddable":true,"href":"https:\/\/www.o-p-i.fr\/parlonsen\/wp-json\/wp\/v2\/comments?post=65863"}],"version-history":[{"count":0,"href":"https:\/\/www.o-p-i.fr\/parlonsen\/wp-json\/wp\/v2\/posts\/65863\/revisions"}],"wp:featuredmedia":[{"embeddable":true,"href":"https:\/\/www.o-p-i.fr\/parlonsen\/wp-json\/wp\/v2\/media\/65332"}],"wp:attachment":[{"href":"https:\/\/www.o-p-i.fr\/parlonsen\/wp-json\/wp\/v2\/media?parent=65863"}],"wp:term":[{"taxonomy":"category","embeddable":true,"href":"https:\/\/www.o-p-i.fr\/parlonsen\/wp-json\/wp\/v2\/categories?post=65863"},{"taxonomy":"post_tag","embeddable":true,"href":"https:\/\/www.o-p-i.fr\/parlonsen\/wp-json\/wp\/v2\/tags?post=65863"}],"curies":[{"name":"wp","href":"https:\/\/api.w.org\/{rel}","templated":true}]}}