{"id":65875,"date":"2025-07-25T12:34:27","date_gmt":"2025-07-25T10:34:27","guid":{"rendered":"https:\/\/www.o-p-i.fr\/parlonsen\/?p=65875"},"modified":"2025-07-25T12:34:27","modified_gmt":"2025-07-25T10:34:27","slug":"bdm-concert-leni-filson-a-salvagnac-81","status":"publish","type":"post","link":"https:\/\/www.o-p-i.fr\/parlonsen\/localisation\/au-pays-des-tescous\/salvagnac\/bdm-concert-leni-filson-a-salvagnac-81\/","title":{"rendered":"BDM &#8211; Concert LENI FILSON &#8230; \u00e0 Salvagnac (81)"},"content":{"rendered":"<p><strong><span class=\"gmail-x193iq5w gmail-xeuugli gmail-x13faqbe gmail-x1vvkbs gmail-x1xmvt09 gmail-x1lliihq gmail-x1s928wv gmail-xhkezso gmail-x1gmr53x gmail-x1cpjm7i gmail-x1fgarty gmail-x1943h6x gmail-xudqn12 gmail-x3x7a5m gmail-x6prxxf gmail-xvq8zen gmail-xo1l8bm gmail-xzsf02u\" dir=\"auto\">Samedi 26 juillet 2025 \/ 21h<\/span><\/strong><\/p>\n<p><!--more--><\/p>\n<div class=\"gmail-xdj266r gmail-x11i5rnm gmail-xat24cr gmail-x1mh8g0r gmail-x1vvkbs\">\n<p><img data-recalc-dims=\"1\" loading=\"lazy\" decoding=\"async\" class=\"size-medium wp-image-65877 alignright\" src=\"https:\/\/i0.wp.com\/www.o-p-i.fr\/parlonsen\/wp-content\/uploads\/Cafe-Au-bord-du-monde-Leni-Filson.jpg?resize=300%2C157&#038;ssl=1\" alt=\"\" width=\"300\" height=\"157\" srcset=\"https:\/\/i0.wp.com\/www.o-p-i.fr\/parlonsen\/wp-content\/uploads\/Cafe-Au-bord-du-monde-Leni-Filson.jpg?resize=300%2C157&amp;ssl=1 300w, https:\/\/i0.wp.com\/www.o-p-i.fr\/parlonsen\/wp-content\/uploads\/Cafe-Au-bord-du-monde-Leni-Filson.jpg?resize=1024%2C536&amp;ssl=1 1024w, https:\/\/i0.wp.com\/www.o-p-i.fr\/parlonsen\/wp-content\/uploads\/Cafe-Au-bord-du-monde-Leni-Filson.jpg?resize=768%2C402&amp;ssl=1 768w, https:\/\/i0.wp.com\/www.o-p-i.fr\/parlonsen\/wp-content\/uploads\/Cafe-Au-bord-du-monde-Leni-Filson.jpg?w=1200&amp;ssl=1 1200w\" sizes=\"auto, (max-width: 300px) 100vw, 300px\" \/><\/p>\n<div>\n<div class=\"gmail-xdj266r gmail-x14z9mp gmail-xat24cr gmail-x1lziwak gmail-x1vvkbs\">Concert LENI FILSON \/ Blues psych\u00e9 &amp; folk am\u00e9ricana<\/div>\n<div class=\"gmail-x14z9mp gmail-xat24cr gmail-x1lziwak gmail-x1vvkbs gmail-xtlvy1s\"><\/div>\n<div class=\"gmail-x14z9mp gmail-xat24cr gmail-x1lziwak gmail-x1vvkbs gmail-xtlvy1s\">Arm\u00e9 d\u2019un Dobro, d\u2019une guitare acoustique et d\u2019un banjo, Leni Filson d\u00e9gaine une musique \u00e9nergique chant\u00e9e en anglais &amp; fran\u00e7ais.<br class=\"gmail-html-br\" \/>Les textes parlent souvent de l\u2019absence comme cette muse disparue du nom d\u2019Aur\u00e9lia, d\u2019amoureux perdus qui crient son nom, de voyages fantasm\u00e9s en Irlande ou en Louisiane, de marches solitaires et de fuites en avant&#8230;<\/div>\n<div class=\"gmail-x14z9mp gmail-xat24cr gmail-x1lziwak gmail-x1vvkbs gmail-xtlvy1s\">Ses compositions \u00e0 la crois\u00e9e des cultures francophones et de ses influences anglo-saxonnes, passent d\u2019un boogie entra\u00eenant \u00e0 une balade country folk, d\u2019un titre aux couleurs cajun ou bluegrass \u00e0 du shuffle rock au bottleneck.<\/div>\n<div class=\"gmail-x14z9mp gmail-xat24cr gmail-x1lziwak gmail-x1vvkbs gmail-xtlvy1s\">N\u00e9 \u00e0 Toulouse dans une communaut\u00e9 hippie, il est trimbal\u00e9 entre la Garonne et la Normandie puis entre les Yvelines et l\u2019Ard\u00e8che. Il se trimbale ensuite lui-m\u00eame au gr\u00e9 des projets et des rencontres \u00e0 Londres, Lyon, Cherbourg, Grenoble, Annecy puis Paris, avant d\u00e9poser ses valises en 2017 dans le Perche en Normandie o\u00f9 il<br class=\"gmail-html-br\" \/>vit d\u00e9sormais avec sa famille.<br class=\"gmail-html-br\" \/>Il cr\u00e9e diff\u00e9rents duos et reprend le chemin des studios pour graver ses chansons.<br class=\"gmail-html-br\" \/>Un album est sorti au printemps 2025&#8230;<\/div>\n<div class=\"gmail-x14z9mp gmail-xat24cr gmail-x1lziwak gmail-x1vvkbs gmail-xtlvy1s\">______________________<br class=\"gmail-html-br\" \/>Caf\u00e9 Au bord du monde (Salvagnac, Tarn)<br class=\"gmail-html-br\" \/>Participation libre au chapeau pour l&rsquo;artiste<br class=\"gmail-html-br\" \/>R\u00e9sa pour le resto: 05 63 55 14 52<\/div>\n<\/div>\n<div>\n<div class=\"gmail_signature\" dir=\"ltr\" data-smartmail=\"gmail_signature\">\n<div dir=\"ltr\">\n<div dir=\"ltr\">\n<div dir=\"ltr\">\n<div dir=\"ltr\">\n<div dir=\"ltr\">\n<div dir=\"ltr\">\n<div dir=\"ltr\">\n<div dir=\"ltr\">\n<div dir=\"ltr\">\n<div dir=\"ltr\">\n<div dir=\"ltr\">\n<div dir=\"ltr\">\n<div dir=\"ltr\">\n<div dir=\"ltr\">\n<div dir=\"ltr\">\n<div dir=\"ltr\">\n<div dir=\"ltr\">\n<div dir=\"ltr\">\n<div dir=\"ltr\">\n<div dir=\"ltr\">\n<div dir=\"ltr\">\n<div dir=\"ltr\">\n<div dir=\"ltr\">\n<div dir=\"ltr\">\n<div dir=\"ltr\">\n<div dir=\"ltr\">\n<div dir=\"ltr\">\n<div dir=\"ltr\">\n<div dir=\"ltr\">\n<div dir=\"ltr\">\n<div dir=\"ltr\">\n<div dir=\"ltr\">\n<div dir=\"ltr\">\n<div dir=\"ltr\">\n<div dir=\"ltr\">\n<div dir=\"ltr\">\n<div dir=\"ltr\">\n<div dir=\"ltr\">\n<div dir=\"ltr\">\n<div dir=\"ltr\">\n<div dir=\"ltr\">\n<div dir=\"ltr\">\n<div dir=\"ltr\">\n<div dir=\"ltr\">\n<div dir=\"ltr\">\n<div dir=\"ltr\">\n<div dir=\"ltr\">\n<div dir=\"ltr\">&#8212;<\/div>\n<\/div>\n<\/div>\n<\/div>\n<\/div>\n<\/div>\n<\/div>\n<\/div>\n<\/div>\n<\/div>\n<\/div>\n<\/div>\n<\/div>\n<\/div>\n<\/div>\n<\/div>\n<\/div>\n<\/div>\n<\/div>\n<\/div>\n<\/div>\n<\/div>\n<\/div>\n<\/div>\n<\/div>\n<\/div>\n<\/div>\n<\/div>\n<\/div>\n<\/div>\n<\/div>\n<\/div>\n<\/div>\n<\/div>\n<\/div>\n<\/div>\n<\/div>\n<\/div>\n<\/div>\n<\/div>\n<\/div>\n<\/div>\n<\/div>\n<\/div>\n<\/div>\n<\/div>\n<\/div>\n<\/div>\n<\/div>\n<\/div>\n<\/div>\n<p>&nbsp;<\/p>\n<p>&nbsp;<\/p>\n","protected":false},"excerpt":{"rendered":"<div class=\"mh-excerpt\">Samedi 26 juillet 2025 \/ 21h<\/div>\n","protected":false},"author":9,"featured_media":44336,"comment_status":"open","ping_status":"open","sticky":false,"template":"","format":"standard","meta":{"om_disable_all_campaigns":false,"advanced_seo_description":"","jetpack_seo_html_title":"","jetpack_seo_noindex":false,"_jetpack_memberships_contains_paid_content":false,"footnotes":"","_links_to":"","_links_to_target":""},"categories":[6420,54,25],"tags":[43,3830,6340,6454],"class_list":{"0":"post-65875","1":"post","2":"type-post","3":"status-publish","4":"format-standard","5":"has-post-thumbnail","7":"category-n-232-juillet-2025","8":"category-loisirs","9":"category-salvagnac","10":"tag-concert","11":"tag-cafe-au-bord-du-monde","12":"tag-a-la-une","13":"tag-s3025"},"jetpack_featured_media_url":"https:\/\/i0.wp.com\/www.o-p-i.fr\/parlonsen\/wp-content\/uploads\/logo-bord-du-monde.jpg?fit=198%2C198&ssl=1","views":{"total":10,"cached_at":"","cached_date":1738535001},"jetpack_likes_enabled":true,"jetpack_sharing_enabled":true,"jetpack_shortlink":"https:\/\/wp.me\/pg7Wxj-h8v","jetpack-related-posts":[],"_links":{"self":[{"href":"https:\/\/www.o-p-i.fr\/parlonsen\/wp-json\/wp\/v2\/posts\/65875","targetHints":{"allow":["GET"]}}],"collection":[{"href":"https:\/\/www.o-p-i.fr\/parlonsen\/wp-json\/wp\/v2\/posts"}],"about":[{"href":"https:\/\/www.o-p-i.fr\/parlonsen\/wp-json\/wp\/v2\/types\/post"}],"author":[{"embeddable":true,"href":"https:\/\/www.o-p-i.fr\/parlonsen\/wp-json\/wp\/v2\/users\/9"}],"replies":[{"embeddable":true,"href":"https:\/\/www.o-p-i.fr\/parlonsen\/wp-json\/wp\/v2\/comments?post=65875"}],"version-history":[{"count":0,"href":"https:\/\/www.o-p-i.fr\/parlonsen\/wp-json\/wp\/v2\/posts\/65875\/revisions"}],"wp:featuredmedia":[{"embeddable":true,"href":"https:\/\/www.o-p-i.fr\/parlonsen\/wp-json\/wp\/v2\/media\/44336"}],"wp:attachment":[{"href":"https:\/\/www.o-p-i.fr\/parlonsen\/wp-json\/wp\/v2\/media?parent=65875"}],"wp:term":[{"taxonomy":"category","embeddable":true,"href":"https:\/\/www.o-p-i.fr\/parlonsen\/wp-json\/wp\/v2\/categories?post=65875"},{"taxonomy":"post_tag","embeddable":true,"href":"https:\/\/www.o-p-i.fr\/parlonsen\/wp-json\/wp\/v2\/tags?post=65875"}],"curies":[{"name":"wp","href":"https:\/\/api.w.org\/{rel}","templated":true}]}}