{"id":65911,"date":"2025-07-25T16:18:30","date_gmt":"2025-07-25T14:18:30","guid":{"rendered":"https:\/\/www.o-p-i.fr\/parlonsen\/?p=65911"},"modified":"2025-08-08T12:52:01","modified_gmt":"2025-08-08T10:52:01","slug":"randonnee-nocturne-a-vaissac-82-7","status":"publish","type":"post","link":"https:\/\/www.o-p-i.fr\/parlonsen\/parlons-en\/loisirs\/randonnee-nocturne-a-vaissac-82-7\/","title":{"rendered":"Randonn\u00e9e nocturne &#8230; \u00e0 Va\u00efssac (82)"},"content":{"rendered":"<p><strong>Samedi 2 Ao\u00fbt 2025 \u00e0 19h00<\/strong><\/p>\n<p><!--more--><\/p>\n<table width=\"100%\">\n<tbody>\n<tr>\n<td><img data-recalc-dims=\"1\" loading=\"lazy\" decoding=\"async\" class=\"size-medium wp-image-65912 alignright\" src=\"https:\/\/i0.wp.com\/www.o-p-i.fr\/parlonsen\/wp-content\/uploads\/AFFICHE-RANDONEE-NOCTURNE-86ed996aecbbbdc1d7a49daf105fd22b.png?resize=212%2C300&#038;ssl=1\" alt=\"\" width=\"212\" height=\"300\" srcset=\"https:\/\/i0.wp.com\/www.o-p-i.fr\/parlonsen\/wp-content\/uploads\/AFFICHE-RANDONEE-NOCTURNE-86ed996aecbbbdc1d7a49daf105fd22b.png?resize=212%2C300&amp;ssl=1 212w, https:\/\/i0.wp.com\/www.o-p-i.fr\/parlonsen\/wp-content\/uploads\/AFFICHE-RANDONEE-NOCTURNE-86ed996aecbbbdc1d7a49daf105fd22b.png?resize=724%2C1024&amp;ssl=1 724w, https:\/\/i0.wp.com\/www.o-p-i.fr\/parlonsen\/wp-content\/uploads\/AFFICHE-RANDONEE-NOCTURNE-86ed996aecbbbdc1d7a49daf105fd22b.png?resize=768%2C1086&amp;ssl=1 768w, https:\/\/i0.wp.com\/www.o-p-i.fr\/parlonsen\/wp-content\/uploads\/AFFICHE-RANDONEE-NOCTURNE-86ed996aecbbbdc1d7a49daf105fd22b.png?resize=1086%2C1536&amp;ssl=1 1086w, https:\/\/i0.wp.com\/www.o-p-i.fr\/parlonsen\/wp-content\/uploads\/AFFICHE-RANDONEE-NOCTURNE-86ed996aecbbbdc1d7a49daf105fd22b.png?w=1414&amp;ssl=1 1414w\" sizes=\"auto, (max-width: 212px) 100vw, 212px\" \/>Le Comit\u00e9 des f\u00eates de Va\u00efssac organise le samedi 2 Ao\u00fbt 2025 une randonn\u00e9e nocturne.<\/p>\n<p>Le d\u00e9part est pr\u00e9vu \u00e0 19.00 h<\/p>\n<p>Pr\u00e9voir : une lampe frontale ; des chaussures de marche ; une tenue adapt\u00e9e et un gilet r\u00e9fl\u00e9chissant.<\/p>\n<p>Une collation sera offerte \u00e0 l&rsquo;arriv\u00e9e.<\/p>\n<p>Prix de l&rsquo;inscription : 10 \u20ac<\/p>\n<p>Merci de s&rsquo;inscrire avant le 31 juillet dernier d\u00e9lai aupr\u00e8s du 06.04.45.19.63<\/p>\n<p>&nbsp;<\/td>\n<\/tr>\n<tr>\n<td><strong>Date de d\u00e9but<\/strong><\/td>\n<\/tr>\n<tr>\n<td>02\/08\/2025<\/td>\n<\/tr>\n<tr>\n<td><strong>Date fin<\/strong><\/td>\n<\/tr>\n<tr>\n<td>02\/08\/2025<\/td>\n<\/tr>\n<tr>\n<td><strong>De quelle heure \u00e0 quelle heure ?<\/strong><\/td>\n<\/tr>\n<tr>\n<td>19h00 \u00e0 23h45<\/td>\n<\/tr>\n<tr>\n<td><strong>Adresse de l&rsquo;\u00e9v\u00e8nement<\/strong><\/td>\n<\/tr>\n<tr>\n<td>Salle des F\u00eates<\/td>\n<\/tr>\n<tr>\n<td><strong>Tarif unique<\/strong><\/td>\n<\/tr>\n<tr>\n<td>10 \u20ac<\/td>\n<\/tr>\n<tr>\n<td><strong>Organisateur de l&rsquo;\u00e9n\u00e8vement<\/strong><\/td>\n<\/tr>\n<tr>\n<td>COMITE DES F\u00caTES<\/td>\n<\/tr>\n<tr>\n<td><strong>Personne \/ Organisation \u00e0 contacter :<\/strong><\/td>\n<\/tr>\n<tr>\n<td>BAUDOUX PATRICIA<\/td>\n<\/tr>\n<tr>\n<td><strong>Adresse :<\/strong><\/td>\n<\/tr>\n<tr>\n<td>MAIRIE DE VA\u00cfSSAC<br \/>\n1 RUE DU VILLAGE<br \/>\n82800 VA\u00cfSSAC<\/td>\n<\/tr>\n<tr>\n<td><strong>T\u00e9l\u00e9phone :<\/strong><\/td>\n<\/tr>\n<tr>\n<td>0616690690<\/td>\n<\/tr>\n<tr>\n<td><strong>Courriel :<\/strong><\/td>\n<\/tr>\n<tr>\n<td><a href=\"mailto:louisloeil@gmail.com\">louisloeil@gmail.com<\/a><\/td>\n<\/tr>\n<tr>\n<td>BAUDOUX PATRICIA<\/td>\n<\/tr>\n<tr>\n<td>L&rsquo;organisateur de l&rsquo;\u00e9v\u00e8nement<\/td>\n<\/tr>\n<\/tbody>\n<\/table>\n","protected":false},"excerpt":{"rendered":"<div class=\"mh-excerpt\">Samedi 2 Ao\u00fbt 2025 \u00e0 19h00<\/div>\n","protected":false},"author":9,"featured_media":65912,"comment_status":"open","ping_status":"open","sticky":false,"template":"","format":"standard","meta":{"om_disable_all_campaigns":false,"advanced_seo_description":"","jetpack_seo_html_title":"","jetpack_seo_noindex":false,"_jetpack_memberships_contains_paid_content":false,"footnotes":"","_links_to":"","_links_to_target":""},"categories":[54,6459,6375],"tags":[2835,6453],"class_list":{"0":"post-65911","1":"post","2":"type-post","3":"status-publish","4":"format-standard","5":"has-post-thumbnail","7":"category-loisirs","8":"category-vaissac","9":"category-n233-aout-2025","10":"tag-ballade","11":"tag-a-venir"},"jetpack_featured_media_url":"https:\/\/i0.wp.com\/www.o-p-i.fr\/parlonsen\/wp-content\/uploads\/AFFICHE-RANDONEE-NOCTURNE-86ed996aecbbbdc1d7a49daf105fd22b.png?fit=1414%2C2000&ssl=1","views":"","jetpack_likes_enabled":true,"jetpack_sharing_enabled":true,"jetpack_shortlink":"https:\/\/wp.me\/pg7Wxj-h95","jetpack-related-posts":[],"_links":{"self":[{"href":"https:\/\/www.o-p-i.fr\/parlonsen\/wp-json\/wp\/v2\/posts\/65911","targetHints":{"allow":["GET"]}}],"collection":[{"href":"https:\/\/www.o-p-i.fr\/parlonsen\/wp-json\/wp\/v2\/posts"}],"about":[{"href":"https:\/\/www.o-p-i.fr\/parlonsen\/wp-json\/wp\/v2\/types\/post"}],"author":[{"embeddable":true,"href":"https:\/\/www.o-p-i.fr\/parlonsen\/wp-json\/wp\/v2\/users\/9"}],"replies":[{"embeddable":true,"href":"https:\/\/www.o-p-i.fr\/parlonsen\/wp-json\/wp\/v2\/comments?post=65911"}],"version-history":[{"count":0,"href":"https:\/\/www.o-p-i.fr\/parlonsen\/wp-json\/wp\/v2\/posts\/65911\/revisions"}],"wp:featuredmedia":[{"embeddable":true,"href":"https:\/\/www.o-p-i.fr\/parlonsen\/wp-json\/wp\/v2\/media\/65912"}],"wp:attachment":[{"href":"https:\/\/www.o-p-i.fr\/parlonsen\/wp-json\/wp\/v2\/media?parent=65911"}],"wp:term":[{"taxonomy":"category","embeddable":true,"href":"https:\/\/www.o-p-i.fr\/parlonsen\/wp-json\/wp\/v2\/categories?post=65911"},{"taxonomy":"post_tag","embeddable":true,"href":"https:\/\/www.o-p-i.fr\/parlonsen\/wp-json\/wp\/v2\/tags?post=65911"}],"curies":[{"name":"wp","href":"https:\/\/api.w.org\/{rel}","templated":true}]}}