{"id":65935,"date":"2025-07-31T13:42:46","date_gmt":"2025-07-31T11:42:46","guid":{"rendered":"https:\/\/www.o-p-i.fr\/parlonsen\/?p=65935"},"modified":"2025-07-31T13:42:46","modified_gmt":"2025-07-31T11:42:46","slug":"carnet-noir","status":"publish","type":"post","link":"https:\/\/www.o-p-i.fr\/parlonsen\/localisation\/au-pays-des-tescous\/monclar\/carnet-noir\/","title":{"rendered":"Carnet Noir &#8230;"},"content":{"rendered":"<p><img data-recalc-dims=\"1\" loading=\"lazy\" decoding=\"async\" class=\"size-medium wp-image-65946 alignright\" src=\"https:\/\/i0.wp.com\/www.o-p-i.fr\/parlonsen\/wp-content\/uploads\/Robert-pensee.jpg?resize=300%2C200&#038;ssl=1\" alt=\"\" width=\"300\" height=\"200\" srcset=\"https:\/\/i0.wp.com\/www.o-p-i.fr\/parlonsen\/wp-content\/uploads\/Robert-pensee.jpg?resize=300%2C200&amp;ssl=1 300w, https:\/\/i0.wp.com\/www.o-p-i.fr\/parlonsen\/wp-content\/uploads\/Robert-pensee.jpg?resize=1024%2C683&amp;ssl=1 1024w, https:\/\/i0.wp.com\/www.o-p-i.fr\/parlonsen\/wp-content\/uploads\/Robert-pensee.jpg?resize=768%2C512&amp;ssl=1 768w, https:\/\/i0.wp.com\/www.o-p-i.fr\/parlonsen\/wp-content\/uploads\/Robert-pensee.jpg?resize=1536%2C1024&amp;ssl=1 1536w, https:\/\/i0.wp.com\/www.o-p-i.fr\/parlonsen\/wp-content\/uploads\/Robert-pensee.jpg?resize=272%2C182&amp;ssl=1 272w, https:\/\/i0.wp.com\/www.o-p-i.fr\/parlonsen\/wp-content\/uploads\/Robert-pensee.jpg?resize=720%2C480&amp;ssl=1 720w, https:\/\/i0.wp.com\/www.o-p-i.fr\/parlonsen\/wp-content\/uploads\/Robert-pensee.jpg?resize=950%2C630&amp;ssl=1 950w, https:\/\/i0.wp.com\/www.o-p-i.fr\/parlonsen\/wp-content\/uploads\/Robert-pensee.jpg?w=2048&amp;ssl=1 2048w\" sizes=\"auto, (max-width: 300px) 100vw, 300px\" \/>Ch\u00e8r\u00b7e\u00b7s abonn\u00e9\u00b7e\u00b7s,<\/p>\n<p>Nous avons l&rsquo;immense douleur de vous informer que Robert Viader, fondateur d&rsquo;OPI des Tescou&rsquo;s, a publi\u00e9 son dernier article ce lundi, apr\u00e8s 18 ans de publications hebdomadaires, avant de s&rsquo;endormir pour toujours.<\/p>\n<p>Robert sera incin\u00e9r\u00e9 au cr\u00e9matorium de Montauban, ce <strong>vendredi 01 ao\u00fbt 2025, \u00e0 13h15.<\/strong><\/p>\n<p>Il n&rsquo;y aura pas de lettre cette semaine.<\/p>\n<p>Les publications reprendront la semaine 32, du 07 au 13 ao\u00fbt.<\/p>\n<p>Nous vous remercions de votre attention.<\/p>\n<p>L&rsquo;\u00e9quipe d&rsquo;OPI des Tescou&rsquo;s<\/p>\n","protected":false},"excerpt":{"rendered":"<div class=\"mh-excerpt\">Ch\u00e8r\u00b7e\u00b7s abonn\u00e9\u00b7e\u00b7s, Nous avons l&rsquo;immense douleur de vous informer que Robert Viader, fondateur d&rsquo;OPI des Tescou&rsquo;s, a publi\u00e9 son dernier article ce lundi, apr\u00e8s 18 ans de publications hebdomadaires, avant de s&rsquo;endormir pour toujours. Robert <a class=\"mh-excerpt-more\" href=\"https:\/\/www.o-p-i.fr\/parlonsen\/localisation\/au-pays-des-tescous\/monclar\/carnet-noir\/\" title=\"Carnet Noir &#8230;\">[&#8230;]<\/a><\/div>\n","protected":false},"author":3,"featured_media":65938,"comment_status":"open","ping_status":"open","sticky":false,"template":"","format":"standard","meta":{"om_disable_all_campaigns":false,"advanced_seo_description":"","jetpack_seo_html_title":"","jetpack_seo_noindex":false,"_jetpack_memberships_contains_paid_content":false,"footnotes":"","_links_to":"","_links_to_target":""},"categories":[6420,16,36],"tags":[6340],"class_list":{"0":"post-65935","1":"post","2":"type-post","3":"status-publish","4":"format-standard","5":"has-post-thumbnail","7":"category-n-232-juillet-2025","8":"category-monclar","9":"category-editorial","10":"tag-a-la-une"},"jetpack_featured_media_url":"https:\/\/i0.wp.com\/www.o-p-i.fr\/parlonsen\/wp-content\/uploads\/2c2d75b2-8aeb-4b90-b910-87f271f52fe9.jpg.jpg?fit=1920%2C1442&ssl=1","views":"","jetpack_likes_enabled":true,"jetpack_sharing_enabled":true,"jetpack_shortlink":"https:\/\/wp.me\/pg7Wxj-h9t","jetpack-related-posts":[],"_links":{"self":[{"href":"https:\/\/www.o-p-i.fr\/parlonsen\/wp-json\/wp\/v2\/posts\/65935","targetHints":{"allow":["GET"]}}],"collection":[{"href":"https:\/\/www.o-p-i.fr\/parlonsen\/wp-json\/wp\/v2\/posts"}],"about":[{"href":"https:\/\/www.o-p-i.fr\/parlonsen\/wp-json\/wp\/v2\/types\/post"}],"author":[{"embeddable":true,"href":"https:\/\/www.o-p-i.fr\/parlonsen\/wp-json\/wp\/v2\/users\/3"}],"replies":[{"embeddable":true,"href":"https:\/\/www.o-p-i.fr\/parlonsen\/wp-json\/wp\/v2\/comments?post=65935"}],"version-history":[{"count":0,"href":"https:\/\/www.o-p-i.fr\/parlonsen\/wp-json\/wp\/v2\/posts\/65935\/revisions"}],"wp:featuredmedia":[{"embeddable":true,"href":"https:\/\/www.o-p-i.fr\/parlonsen\/wp-json\/wp\/v2\/media\/65938"}],"wp:attachment":[{"href":"https:\/\/www.o-p-i.fr\/parlonsen\/wp-json\/wp\/v2\/media?parent=65935"}],"wp:term":[{"taxonomy":"category","embeddable":true,"href":"https:\/\/www.o-p-i.fr\/parlonsen\/wp-json\/wp\/v2\/categories?post=65935"},{"taxonomy":"post_tag","embeddable":true,"href":"https:\/\/www.o-p-i.fr\/parlonsen\/wp-json\/wp\/v2\/tags?post=65935"}],"curies":[{"name":"wp","href":"https:\/\/api.w.org\/{rel}","templated":true}]}}