{"id":65960,"date":"2025-08-07T15:19:51","date_gmt":"2025-08-07T13:19:51","guid":{"rendered":"https:\/\/www.o-p-i.fr\/parlonsen\/?p=65960"},"modified":"2025-08-08T12:50:59","modified_gmt":"2025-08-08T10:50:59","slug":"spectacle-a-la-ferme-de-maillac-a-monclar-de-quercy-82","status":"publish","type":"post","link":"https:\/\/www.o-p-i.fr\/parlonsen\/parlons-en\/culture\/spectacle-a-la-ferme-de-maillac-a-monclar-de-quercy-82\/","title":{"rendered":"Spectacle \u00e0 la Ferme de Maillac &#8230; \u00e0 Monclar de Quercy (82)"},"content":{"rendered":"<p><strong><img data-recalc-dims=\"1\" loading=\"lazy\" decoding=\"async\" class=\"size-medium wp-image-65965 alignright\" src=\"https:\/\/i0.wp.com\/www.o-p-i.fr\/parlonsen\/wp-content\/uploads\/spectacle-ferme-maillac-2025.jpg?resize=212%2C300&#038;ssl=1\" alt=\"\" width=\"212\" height=\"300\" srcset=\"https:\/\/i0.wp.com\/www.o-p-i.fr\/parlonsen\/wp-content\/uploads\/spectacle-ferme-maillac-2025.jpg?resize=212%2C300&amp;ssl=1 212w, https:\/\/i0.wp.com\/www.o-p-i.fr\/parlonsen\/wp-content\/uploads\/spectacle-ferme-maillac-2025.jpg?resize=724%2C1024&amp;ssl=1 724w, https:\/\/i0.wp.com\/www.o-p-i.fr\/parlonsen\/wp-content\/uploads\/spectacle-ferme-maillac-2025.jpg?resize=768%2C1086&amp;ssl=1 768w, https:\/\/i0.wp.com\/www.o-p-i.fr\/parlonsen\/wp-content\/uploads\/spectacle-ferme-maillac-2025.jpg?resize=1086%2C1536&amp;ssl=1 1086w, https:\/\/i0.wp.com\/www.o-p-i.fr\/parlonsen\/wp-content\/uploads\/spectacle-ferme-maillac-2025.jpg?w=1414&amp;ssl=1 1414w\" sizes=\"auto, (max-width: 212px) 100vw, 212px\" \/>Le 12 ao\u00fbt 2025 de 19h00 \u00e0 23h00<\/strong><\/p>\n<h2>Spectacle \u00e0 la Ferme de Maillac<\/h2>\n<p>Th\u00e9\u00e2tre de rue , Seule en sc\u00e8ne \u00e0 deux, 70 minutes (annul\u00e9 en cas de mauvais temps)<\/p>\n<p>Buvette et fromages sur place !<br \/>\nTout public \u00e0 partir de 11 ans<br \/>\n****(une projection de film jeune public sera propos\u00e9 pendant le spectacle des grands)****<br \/>\nUne femme raconte :<br \/>\n\u00ab Parait que pour dormir il faut faire le vide, mais comment fait-on quand \u00e7a ne s\u2019arr\u00eate jamais ? Et puis penser \u00e0 rien, c\u2019est pas possible\u2026 car quand tu penses \u00e0 rien, tu ne penses pas \u00e0 rien, tu penses au fait de penser \u00e0 rien\u2026 Si on se remplit tout le temps \u00e0 quoi on tente d\u2019\u00e9chapper ? \u00bb<br \/>\nEn tirant les fils de toutes ses peurs du vide et en laissant aller ses souvenirs, les couches d\u2019oignon s\u2019enl\u00e8vent, on se rapproche\u2026<br \/>\nAllez, on tente de l\u00e2cher prise ! Une qu\u00eate du saut dans le vide avec claquettes et oignons.<\/p>\n<p><strong>Entr\u00e9e 8 euros, r\u00e9servation au 06 95 38 24 25.<\/strong><\/p>\n<h3>Adresse de l&rsquo;\u00e9v\u00e8nement<\/h3>\n<p>6575 route de Vaissac 82230 Monclar de Quercy<\/p>\n<h3>Lien internet vers votre \u00e9v\u00e8nement<\/h3>\n<p><a href=\"https:\/\/www.facebook.com\/events\/2204423503358452\/?acontext=%7B%22event_action_history%22%3A%5B%7B%22extra_data%22%3A%22%22%2C%22mechanism%22%3A%22left_rail%22%2C%22surface%22%3A%22bookmark%22%7D%2C%7B%22extra_data%22%3A%22%22%2C%22mechanism%22%3A%22calendar_tab_event%22%2C%22surface%22%3A%22bookmark_calendar%22%7D%5D%2C%22ref_notif_type%22%3Anull%7D\">https:\/\/www.facebook.com\/events\/220442350335845<\/a><\/p>\n<h3>Tarif unique<\/h3>\n<p>8 euros<\/p>\n<h3>Organisateur de l&rsquo;\u00e9n\u00e8vement<\/h3>\n<p>Ferme de Maillac<\/p>\n<h3>Personne \/ Organisation \u00e0 contacter :<\/h3>\n<p>Yza pour r\u00e9server par SMS<\/p>\n<h3>Adresse :<\/h3>\n<p>Domaine de Maillac<br \/>\n6575 route de Vaissac,<br \/>\n82230 Monclar de Quercy<\/p>\n<h3>T\u00e9l\u00e9phone :<\/h3>\n<p>06 95 38 24 25<\/p>\n<h3>Courriel :<\/h3>\n<p>domaine@maillac.fr<\/p>\n<p>Information propos\u00e9e par :<br \/>\n<div class=\"card\" style=\"width: 350px;\">\r\n<div class=\"card-body\">\r\n<h3 class=\"card-title text-center bg-light\">Fiche Annuaire<\/h3>\r\n<a href=\"https:\/\/www.o-p-i.fr\/aupays\/vie-des-communes\/vie-a-monclar-de-quercy\/ferme-de-maillac\/\" target=\"_blank\" rel=\"noopener\">\r\n<img data-recalc-dims=\"1\" decoding=\"async\" class=\"card-img\" src=\"https:\/\/i0.wp.com\/www.o-p-i.fr\/aupays\/wp-content\/uploads\/logo-maillac-noir-e1739285363961.png?ssl=1\" alt=\"Ferme Maillac\" \/><\/a>\r\n<p class=\"card-text\">6575 route de Vaissac<br>\r\n82230 <a href=\"https:\/\/www.o-p-i.fr\/aupays\/monclar-de-quercy-82230\/\" target=\"_blank\" rel=\"noopener\">Monclar-de-Quercy<\/a><\/p>\r\n<a class=\"btn btn-primary\" href=\"https:\/\/www.o-p-i.fr\/aupays\/vie-des-communes\/vie-a-monclar-de-quercy\/ferme-de-maillac\/\" target=\"_blank\" rel=\"noopener\">Ferme de Maillac<i class=\"fa-solid fa-arrow-up-right-from-square\"><\/i><\/a>\r\n\r\n<\/div>\r\n<\/div><\/p>\n","protected":false},"excerpt":{"rendered":"<div class=\"mh-excerpt\">Le 12 ao\u00fbt 2025 de 19h00 \u00e0 23h00 Spectacle \u00e0 la Ferme de Maillac Th\u00e9\u00e2tre de rue , Seule en sc\u00e8ne \u00e0 deux, 70 minutes (annul\u00e9 en cas de mauvais temps) Buvette et fromages sur <a class=\"mh-excerpt-more\" href=\"https:\/\/www.o-p-i.fr\/parlonsen\/parlons-en\/culture\/spectacle-a-la-ferme-de-maillac-a-monclar-de-quercy-82\/\" title=\"Spectacle \u00e0 la Ferme de Maillac &#8230; \u00e0 Monclar de Quercy (82)\">[&#8230;]<\/a><\/div>\n","protected":false},"author":9,"featured_media":65965,"comment_status":"open","ping_status":"open","sticky":false,"template":"","format":"standard","meta":{"om_disable_all_campaigns":false,"advanced_seo_description":"","jetpack_seo_html_title":"","jetpack_seo_noindex":false,"_jetpack_memberships_contains_paid_content":false,"footnotes":"","_links_to":"","_links_to_target":""},"categories":[1,16,6375],"tags":[132,6340,6460,6461],"class_list":{"0":"post-65960","1":"post","2":"type-post","3":"status-publish","4":"format-standard","5":"has-post-thumbnail","7":"category-culture","8":"category-monclar","9":"category-n233-aout-2025","10":"tag-spectacle","11":"tag-a-la-une","12":"tag-s3225","13":"tag-ferme-de-maillac"},"jetpack_featured_media_url":"https:\/\/i0.wp.com\/www.o-p-i.fr\/parlonsen\/wp-content\/uploads\/spectacle-ferme-maillac-2025.jpg?fit=1414%2C2000&ssl=1","views":"","jetpack_likes_enabled":true,"jetpack_sharing_enabled":true,"jetpack_shortlink":"https:\/\/wp.me\/pg7Wxj-h9S","jetpack-related-posts":[],"_links":{"self":[{"href":"https:\/\/www.o-p-i.fr\/parlonsen\/wp-json\/wp\/v2\/posts\/65960","targetHints":{"allow":["GET"]}}],"collection":[{"href":"https:\/\/www.o-p-i.fr\/parlonsen\/wp-json\/wp\/v2\/posts"}],"about":[{"href":"https:\/\/www.o-p-i.fr\/parlonsen\/wp-json\/wp\/v2\/types\/post"}],"author":[{"embeddable":true,"href":"https:\/\/www.o-p-i.fr\/parlonsen\/wp-json\/wp\/v2\/users\/9"}],"replies":[{"embeddable":true,"href":"https:\/\/www.o-p-i.fr\/parlonsen\/wp-json\/wp\/v2\/comments?post=65960"}],"version-history":[{"count":0,"href":"https:\/\/www.o-p-i.fr\/parlonsen\/wp-json\/wp\/v2\/posts\/65960\/revisions"}],"wp:featuredmedia":[{"embeddable":true,"href":"https:\/\/www.o-p-i.fr\/parlonsen\/wp-json\/wp\/v2\/media\/65965"}],"wp:attachment":[{"href":"https:\/\/www.o-p-i.fr\/parlonsen\/wp-json\/wp\/v2\/media?parent=65960"}],"wp:term":[{"taxonomy":"category","embeddable":true,"href":"https:\/\/www.o-p-i.fr\/parlonsen\/wp-json\/wp\/v2\/categories?post=65960"},{"taxonomy":"post_tag","embeddable":true,"href":"https:\/\/www.o-p-i.fr\/parlonsen\/wp-json\/wp\/v2\/tags?post=65960"}],"curies":[{"name":"wp","href":"https:\/\/api.w.org\/{rel}","templated":true}]}}