{"id":65967,"date":"2025-08-07T15:43:06","date_gmt":"2025-08-07T13:43:06","guid":{"rendered":"https:\/\/www.o-p-i.fr\/parlonsen\/?p=65967"},"modified":"2025-08-08T12:50:44","modified_gmt":"2025-08-08T10:50:44","slug":"lamichemin-le-jeudi-cest-cafe-asso-a-monclar-de-quercy-82-10","status":"publish","type":"post","link":"https:\/\/www.o-p-i.fr\/parlonsen\/localisation\/au-pays-des-tescous\/monclar\/lamichemin-le-jeudi-cest-cafe-asso-a-monclar-de-quercy-82-10\/","title":{"rendered":"LaMICHEmin &#8211; Le jeudi, c&rsquo;est Caf\u00e9 asso &#8230; \u00e0 Monclar de Quercy (82)"},"content":{"rendered":"<figure id=\"attachment_89\" aria-describedby=\"caption-attachment-89\" style=\"width: 361px\" class=\"wp-caption alignright\"><a href=\"https:\/\/www.lamichemin.fr\/cafe-asso\/\"><img data-recalc-dims=\"1\" loading=\"lazy\" decoding=\"async\" class=\"wp-image-89 \" src=\"https:\/\/i0.wp.com\/www.lamichemin.fr\/wp-content\/uploads\/2023\/11\/fly-lamicheA4-693x1024.png?resize=361%2C534&#038;ssl=1\" alt=\"L'aMICHEmin, ques aquo ?!\" width=\"361\" height=\"534\" \/><\/a><figcaption id=\"caption-attachment-89\" class=\"wp-caption-text\">L&rsquo;aMICHEmin, ques aquo ?!<\/figcaption><\/figure>\n<p>Le Caf\u00e9 Asso est ouvert de 18h00 \u00e0 21h00 tous les jeudis !<\/p>\n<div class=\"tribe-events-single-event-description tribe-events-content\">\n<p>Chaque premier jeudi du mois, de 17h00 \u00e0 18h30, d\u00e9p\u00f4t et reprise de tes\u00a0 objets \u00e0 aff\u00fbter (couteaux, ciseaux, outils de jardin \u2026) \u00e0 l\u2019aMICHEmin.<\/p>\n<div class=\"tribe-events-single-event-description tribe-events-content\">\n<p>\ud83d\udcb6 Sur devis<br \/>\n\u260e\u00a0 Cl\u00e9ment : 06 45 56 14 86<\/p>\n<p>&nbsp;<\/p>\n<\/div>\n<p dir=\"ltr\">INFOS PRATIQUES<br \/>\n\ud83d\udd96\ud83c\udffc Ouvert \u00e0 tous\u00b7tes<br \/>\n\ud83d\udd0e L\u2019aMICHEmin, int\u00e9rieur<\/p>\n<\/div>\n<p><a href=\"https:\/\/www.lamichemin.fr\/tag\/biere-du-mois\/\">D\u00e9couvrir la bi\u00e8re du moment<\/a><\/p>\n","protected":false},"excerpt":{"rendered":"<div class=\"mh-excerpt\">Le Caf\u00e9 Asso est ouvert de 18h00 \u00e0 21h00 tous les jeudis ! Chaque premier jeudi du mois, de 17h00 \u00e0 18h30, d\u00e9p\u00f4t et reprise de tes\u00a0 objets \u00e0 aff\u00fbter (couteaux, ciseaux, outils de jardin <a class=\"mh-excerpt-more\" href=\"https:\/\/www.o-p-i.fr\/parlonsen\/localisation\/au-pays-des-tescous\/monclar\/lamichemin-le-jeudi-cest-cafe-asso-a-monclar-de-quercy-82-10\/\" title=\"LaMICHEmin &#8211; Le jeudi, c&rsquo;est Caf\u00e9 asso &#8230; \u00e0 Monclar de Quercy (82)\">[&#8230;]<\/a><\/div>\n","protected":false},"author":9,"featured_media":55823,"comment_status":"open","ping_status":"open","sticky":false,"template":"","format":"standard","meta":{"om_disable_all_campaigns":false,"advanced_seo_description":"","jetpack_seo_html_title":"","jetpack_seo_noindex":false,"_jetpack_memberships_contains_paid_content":false,"footnotes":"","_links_to":"","_links_to_target":""},"categories":[16,54,6375],"tags":[4936,5164,6460],"class_list":{"0":"post-65967","1":"post","2":"type-post","3":"status-publish","4":"format-standard","5":"has-post-thumbnail","7":"category-monclar","8":"category-loisirs","9":"category-n233-aout-2025","10":"tag-cafe-associatif","11":"tag-lamichemin","12":"tag-s3225"},"jetpack_featured_media_url":"https:\/\/i0.wp.com\/www.o-p-i.fr\/parlonsen\/wp-content\/uploads\/lamichemin-en-tete.jpeg?fit=836%2C448&ssl=1","views":{"total":10,"cached_at":"","cached_date":1738509369},"jetpack_likes_enabled":true,"jetpack_sharing_enabled":true,"jetpack_shortlink":"https:\/\/wp.me\/pg7Wxj-h9Z","jetpack-related-posts":[],"_links":{"self":[{"href":"https:\/\/www.o-p-i.fr\/parlonsen\/wp-json\/wp\/v2\/posts\/65967","targetHints":{"allow":["GET"]}}],"collection":[{"href":"https:\/\/www.o-p-i.fr\/parlonsen\/wp-json\/wp\/v2\/posts"}],"about":[{"href":"https:\/\/www.o-p-i.fr\/parlonsen\/wp-json\/wp\/v2\/types\/post"}],"author":[{"embeddable":true,"href":"https:\/\/www.o-p-i.fr\/parlonsen\/wp-json\/wp\/v2\/users\/9"}],"replies":[{"embeddable":true,"href":"https:\/\/www.o-p-i.fr\/parlonsen\/wp-json\/wp\/v2\/comments?post=65967"}],"version-history":[{"count":0,"href":"https:\/\/www.o-p-i.fr\/parlonsen\/wp-json\/wp\/v2\/posts\/65967\/revisions"}],"wp:featuredmedia":[{"embeddable":true,"href":"https:\/\/www.o-p-i.fr\/parlonsen\/wp-json\/wp\/v2\/media\/55823"}],"wp:attachment":[{"href":"https:\/\/www.o-p-i.fr\/parlonsen\/wp-json\/wp\/v2\/media?parent=65967"}],"wp:term":[{"taxonomy":"category","embeddable":true,"href":"https:\/\/www.o-p-i.fr\/parlonsen\/wp-json\/wp\/v2\/categories?post=65967"},{"taxonomy":"post_tag","embeddable":true,"href":"https:\/\/www.o-p-i.fr\/parlonsen\/wp-json\/wp\/v2\/tags?post=65967"}],"curies":[{"name":"wp","href":"https:\/\/api.w.org\/{rel}","templated":true}]}}