{"id":65971,"date":"2025-08-07T15:49:13","date_gmt":"2025-08-07T13:49:13","guid":{"rendered":"https:\/\/www.o-p-i.fr\/parlonsen\/?p=65971"},"modified":"2025-08-14T09:08:03","modified_gmt":"2025-08-14T07:08:03","slug":"lamichemin-grand-banquet-2025-a-monclar-de-quercy-82","status":"publish","type":"post","link":"https:\/\/www.o-p-i.fr\/parlonsen\/localisation\/au-pays-des-tescous\/monclar\/lamichemin-grand-banquet-2025-a-monclar-de-quercy-82\/","title":{"rendered":"LaMICHEmin &#8211; Grand Banquet 2025 &#8230; \u00e0 Monclar de Quercy (82)"},"content":{"rendered":"<div class=\"tribe-events-single-event-description tribe-events-content\">\n<p data-testid=\"nC6ep73Dl-E66SWSb0_U0\">Le\u00a0 jeudi 14 ao\u00fbt, l\u2019association vous propose son Grand Banquet \u00e0 partir de 18h30 sous le boulodrome, esplanade des lacs \u00e0 Monclar de Quercy.<\/p>\n<p data-testid=\"nC6ep73Dl-E66SWSb0_U0\"><img data-recalc-dims=\"1\" loading=\"lazy\" decoding=\"async\" class=\"alignright wp-image-2126 size-medium lazy loaded\" src=\"https:\/\/i0.wp.com\/www.lamichemin.fr\/wp-content\/uploads\/2025\/06\/zetiubes-300x300.jpg?resize=300%2C300&#038;ssl=1\" sizes=\"auto, (max-width: 300px) 85vw, 300px\" srcset=\"https:\/\/www.lamichemin.fr\/wp-content\/uploads\/2025\/06\/zetiubes-300x300.jpg 300w, https:\/\/www.lamichemin.fr\/wp-content\/uploads\/2025\/06\/zetiubes-1024x1024.jpg 1024w, https:\/\/www.lamichemin.fr\/wp-content\/uploads\/2025\/06\/zetiubes-150x150.jpg 150w, https:\/\/www.lamichemin.fr\/wp-content\/uploads\/2025\/06\/zetiubes-768x768.jpg 768w, https:\/\/www.lamichemin.fr\/wp-content\/uploads\/2025\/06\/zetiubes.jpg 1080w\" alt=\"\" width=\"300\" height=\"300\" data-src=\"https:\/\/www.lamichemin.fr\/wp-content\/uploads\/2025\/06\/zetiubes-300x300.jpg\" data-srcset=\"https:\/\/www.lamichemin.fr\/wp-content\/uploads\/2025\/06\/zetiubes-300x300.jpg 300w, https:\/\/www.lamichemin.fr\/wp-content\/uploads\/2025\/06\/zetiubes-1024x1024.jpg 1024w, https:\/\/www.lamichemin.fr\/wp-content\/uploads\/2025\/06\/zetiubes-150x150.jpg 150w, https:\/\/www.lamichemin.fr\/wp-content\/uploads\/2025\/06\/zetiubes-768x768.jpg 768w, https:\/\/www.lamichemin.fr\/wp-content\/uploads\/2025\/06\/zetiubes.jpg 1080w\" data-sizes=\"(max-width: 300px) 85vw, 300px\" data-was-processed=\"true\" \/>Repas avec les Escargots du Clos Jouan Lagarde, n\u00e9s, \u00e9lev\u00e9s, et cuisin\u00e9s \u00e0 Genebri\u00e8res,\u00a0 accompagn\u00e9s d\u2019une pur\u00e9e maison !<\/p>\n<p data-testid=\"nC6ep73Dl-E66SWSb0_U0\">Suivi d\u2019un concert avec <a href=\"https:\/\/zetiubes.fr\/\" target=\"_blank\" rel=\"noopener\">Ze Tiubes<\/a>, Sea, sex and swing ! Les tubes de ta vie revus et corrig\u00e9s \u00e0 la sauce jazz manouche d\u00e9cal\u00e9 !<\/p>\n<p data-testid=\"nC6ep73Dl-E66SWSb0_U0\"><strong>Ouverture du bar \u00e0 18h30 \/ Repas \u00e0 20h30.<\/strong><\/p>\n<p data-testid=\"nC6ep73Dl-E66SWSb0_U0\">\ud83c\udf66Laure, la Petit\u2019Givr\u00e9e proposera ses glaces \u00e0 la vente !<\/p>\n<p>Escargolade<br \/>\nPur\u00e9e Maison<br \/>\n(Boisson non comprise)<\/p>\n<p>Alternatives : Saucisse de Poulet ou Plat V\u00e9g\u00e9<\/p>\n<p><strong>Menu Enfant :<\/strong><br \/>\nEscargots ou Saucisse \u2013 Pur\u00e9e Maison<\/p>\n<p><del>R\u00e9servation avant le 10 Ao\u00fbt !<\/del> <span style=\"color: #ff0000;\">Repas Complet !<\/span> <strong>Concert toujours ouvert.<\/strong><\/p>\n<p><b>Apporte ton assiette et tes couverts !<\/b><\/p>\n<p>INFOS PRATIQUES<br \/>\n\ud83d\udd96\ud83c\udffc Ouvert \u00e0 tous\u00b7tes<br \/>\n\ud83d\udd0e Esplanade des Lacs \u2013 Monclar de Quercy<br \/>\n<strong>\ud83d\udcb6 Repas :<\/strong> Adultes : 15\u20ac \/ Enfants : 7\u20ac\u00a0 \/\/ <strong>Concert :<\/strong>\u00a0participation au chapeau<br \/>\n\u260e\u00a0 C\u00e9line (SMS) : 06 81 33 62 93 ou <a href=\"mailto:lamichemin@proton.me\">lamichemin@proton.me<\/a><\/p>\n<\/div>\n","protected":false},"excerpt":{"rendered":"<div class=\"mh-excerpt\">Le\u00a0 jeudi 14 ao\u00fbt, l\u2019association vous propose son Grand Banquet \u00e0 partir de 18h30 sous le boulodrome, esplanade des lacs \u00e0 Monclar de Quercy. Repas avec les Escargots du Clos Jouan Lagarde, n\u00e9s, \u00e9lev\u00e9s, et <a class=\"mh-excerpt-more\" href=\"https:\/\/www.o-p-i.fr\/parlonsen\/localisation\/au-pays-des-tescous\/monclar\/lamichemin-grand-banquet-2025-a-monclar-de-quercy-82\/\" title=\"LaMICHEmin &#8211; Grand Banquet 2025 &#8230; \u00e0 Monclar de Quercy (82)\">[&#8230;]<\/a><\/div>\n","protected":false},"author":9,"featured_media":55823,"comment_status":"open","ping_status":"open","sticky":false,"template":"","format":"standard","meta":{"om_disable_all_campaigns":false,"advanced_seo_description":"","jetpack_seo_html_title":"","jetpack_seo_noindex":false,"_jetpack_memberships_contains_paid_content":false,"footnotes":"","_links_to":"","_links_to_target":""},"categories":[16,54,6375],"tags":[2641,4936,5164,6340,6466],"class_list":{"0":"post-65971","1":"post","2":"type-post","3":"status-publish","4":"format-standard","5":"has-post-thumbnail","7":"category-monclar","8":"category-loisirs","9":"category-n233-aout-2025","10":"tag-repas-concert","11":"tag-cafe-associatif","12":"tag-lamichemin","13":"tag-a-la-une","14":"tag-s3325"},"jetpack_featured_media_url":"https:\/\/i0.wp.com\/www.o-p-i.fr\/parlonsen\/wp-content\/uploads\/lamichemin-en-tete.jpeg?fit=836%2C448&ssl=1","views":{"total":10,"cached_at":"","cached_date":1738509369},"jetpack_likes_enabled":true,"jetpack_sharing_enabled":true,"jetpack_shortlink":"https:\/\/wp.me\/pg7Wxj-ha3","jetpack-related-posts":[],"_links":{"self":[{"href":"https:\/\/www.o-p-i.fr\/parlonsen\/wp-json\/wp\/v2\/posts\/65971","targetHints":{"allow":["GET"]}}],"collection":[{"href":"https:\/\/www.o-p-i.fr\/parlonsen\/wp-json\/wp\/v2\/posts"}],"about":[{"href":"https:\/\/www.o-p-i.fr\/parlonsen\/wp-json\/wp\/v2\/types\/post"}],"author":[{"embeddable":true,"href":"https:\/\/www.o-p-i.fr\/parlonsen\/wp-json\/wp\/v2\/users\/9"}],"replies":[{"embeddable":true,"href":"https:\/\/www.o-p-i.fr\/parlonsen\/wp-json\/wp\/v2\/comments?post=65971"}],"version-history":[{"count":0,"href":"https:\/\/www.o-p-i.fr\/parlonsen\/wp-json\/wp\/v2\/posts\/65971\/revisions"}],"wp:featuredmedia":[{"embeddable":true,"href":"https:\/\/www.o-p-i.fr\/parlonsen\/wp-json\/wp\/v2\/media\/55823"}],"wp:attachment":[{"href":"https:\/\/www.o-p-i.fr\/parlonsen\/wp-json\/wp\/v2\/media?parent=65971"}],"wp:term":[{"taxonomy":"category","embeddable":true,"href":"https:\/\/www.o-p-i.fr\/parlonsen\/wp-json\/wp\/v2\/categories?post=65971"},{"taxonomy":"post_tag","embeddable":true,"href":"https:\/\/www.o-p-i.fr\/parlonsen\/wp-json\/wp\/v2\/tags?post=65971"}],"curies":[{"name":"wp","href":"https:\/\/api.w.org\/{rel}","templated":true}]}}