{"id":65984,"date":"2025-08-09T17:53:38","date_gmt":"2025-08-09T15:53:38","guid":{"rendered":"https:\/\/www.o-p-i.fr\/parlonsen\/?p=65984"},"modified":"2025-08-09T17:57:51","modified_gmt":"2025-08-09T15:57:51","slug":"la-ferme-en-fete-a-monteils-82","status":"publish","type":"post","link":"https:\/\/www.o-p-i.fr\/parlonsen\/parlons-en\/agriculture\/la-ferme-en-fete-a-monteils-82\/","title":{"rendered":"La Ferme en f\u00eate &#8230; \u00e0 Monteils (82)"},"content":{"rendered":"<p><strong>Le 09 Ao\u00fbt 2025 de 8h00 \u00e0 23h00<\/strong><\/p>\n<p><!--more--><\/p>\n<h2><img data-recalc-dims=\"1\" loading=\"lazy\" decoding=\"async\" class=\"size-medium wp-image-65985 alignright\" src=\"https:\/\/i0.wp.com\/www.o-p-i.fr\/parlonsen\/wp-content\/uploads\/AFFICHE-HD-2025-comice-agricole-monteils.jpg?resize=212%2C300&#038;ssl=1\" alt=\"Comice Agricole Monteils 2025\" width=\"212\" height=\"300\" srcset=\"https:\/\/i0.wp.com\/www.o-p-i.fr\/parlonsen\/wp-content\/uploads\/AFFICHE-HD-2025-comice-agricole-monteils.jpg?resize=212%2C300&amp;ssl=1 212w, https:\/\/i0.wp.com\/www.o-p-i.fr\/parlonsen\/wp-content\/uploads\/AFFICHE-HD-2025-comice-agricole-monteils.jpg?resize=724%2C1024&amp;ssl=1 724w, https:\/\/i0.wp.com\/www.o-p-i.fr\/parlonsen\/wp-content\/uploads\/AFFICHE-HD-2025-comice-agricole-monteils.jpg?resize=768%2C1086&amp;ssl=1 768w, https:\/\/i0.wp.com\/www.o-p-i.fr\/parlonsen\/wp-content\/uploads\/AFFICHE-HD-2025-comice-agricole-monteils.jpg?resize=1086%2C1536&amp;ssl=1 1086w, https:\/\/i0.wp.com\/www.o-p-i.fr\/parlonsen\/wp-content\/uploads\/AFFICHE-HD-2025-comice-agricole-monteils.jpg?resize=1448%2C2048&amp;ssl=1 1448w, https:\/\/i0.wp.com\/www.o-p-i.fr\/parlonsen\/wp-content\/uploads\/AFFICHE-HD-2025-comice-agricole-monteils.jpg?w=1480&amp;ssl=1 1480w\" sizes=\"auto, (max-width: 212px) 100vw, 212px\" \/>La Ferme en f\u00eate<\/h2>\n<p>Comice agricole qui regroupent de nombreuses animations : grand concours de chevaux de trait, exposition avicole, tracteurs anciens, voitures anciennes, march\u00e9 artisanal et de producteurs, bapt\u00eame \u00e0 poneys, initiation \u00e0 la p\u00eache, d\u00e9monstrations a\u00e9romod\u00e9lisme, vide grenier &#8230;, restauration rapide en journ\u00e9e, march\u00e9 gourmand le soir, spectacle \u00e9questre \u00e0 21h (5\u20ac l&rsquo;entr\u00e9e)<br \/>\nMerci de fournir une image d&rsquo;illustration pour votre annonce.<\/p>\n<h3>Adresse de l&rsquo;\u00e9v\u00e8nement<\/h3>\n<p>Parc de la L\u00e8re, Chemin des Landes basses 82300 Monteils<br \/>\nentre Caussade et Monteils<\/p>\n<p>Tarif unique<br \/>\nEnt\u00e9e gratuite \u00e0 l&rsquo;\u00e9v\u00e9nement, entr\u00e9e 5\u20ac pour le spectacle \u00e9questre<br \/>\nEntr\u00e9e gratuite au spectacle \u00e9questre pour les moins de 12 ans<\/p>\n<h3>Organisateur de l&rsquo;\u00e9v\u00e8nement<\/h3>\n<p>Comice agricole du Parc de La L\u00e8re<\/p>\n<h3>Personne \/ Organisation \u00e0 contacter :<\/h3>\n<p>SOULIER Denise<\/p>\n<h3>T\u00e9l\u00e9phone :<\/h3>\n<p>06 71 19 82 02<\/p>\n<h3>Courriel :<\/h3>\n<p>soulierspeleo@yahoo.fr<\/p>\n<p><em>Information transmise par SOULIER Denise<\/em><\/p>\n","protected":false},"excerpt":{"rendered":"<div class=\"mh-excerpt\">Le 09 Ao\u00fbt 2025 de 8h00 \u00e0 23h00<\/div>\n","protected":false},"author":9,"featured_media":65985,"comment_status":"open","ping_status":"open","sticky":false,"template":"","format":"standard","meta":{"om_disable_all_campaigns":false,"advanced_seo_description":"","jetpack_seo_html_title":"","jetpack_seo_noindex":false,"_jetpack_memberships_contains_paid_content":false,"footnotes":"","_links_to":"","_links_to_target":""},"categories":[3,54,6462,6375],"tags":[2383,6460],"class_list":{"0":"post-65984","1":"post","2":"type-post","3":"status-publish","4":"format-standard","5":"has-post-thumbnail","7":"category-agriculture","8":"category-loisirs","9":"category-monteils","10":"category-n233-aout-2025","11":"tag-comice-agricole","12":"tag-s3225"},"jetpack_featured_media_url":"https:\/\/i0.wp.com\/www.o-p-i.fr\/parlonsen\/wp-content\/uploads\/AFFICHE-HD-2025-comice-agricole-monteils.jpg?fit=1480%2C2093&ssl=1","views":"","jetpack_likes_enabled":true,"jetpack_sharing_enabled":true,"jetpack_shortlink":"https:\/\/wp.me\/pg7Wxj-hag","jetpack-related-posts":[],"_links":{"self":[{"href":"https:\/\/www.o-p-i.fr\/parlonsen\/wp-json\/wp\/v2\/posts\/65984","targetHints":{"allow":["GET"]}}],"collection":[{"href":"https:\/\/www.o-p-i.fr\/parlonsen\/wp-json\/wp\/v2\/posts"}],"about":[{"href":"https:\/\/www.o-p-i.fr\/parlonsen\/wp-json\/wp\/v2\/types\/post"}],"author":[{"embeddable":true,"href":"https:\/\/www.o-p-i.fr\/parlonsen\/wp-json\/wp\/v2\/users\/9"}],"replies":[{"embeddable":true,"href":"https:\/\/www.o-p-i.fr\/parlonsen\/wp-json\/wp\/v2\/comments?post=65984"}],"version-history":[{"count":0,"href":"https:\/\/www.o-p-i.fr\/parlonsen\/wp-json\/wp\/v2\/posts\/65984\/revisions"}],"wp:featuredmedia":[{"embeddable":true,"href":"https:\/\/www.o-p-i.fr\/parlonsen\/wp-json\/wp\/v2\/media\/65985"}],"wp:attachment":[{"href":"https:\/\/www.o-p-i.fr\/parlonsen\/wp-json\/wp\/v2\/media?parent=65984"}],"wp:term":[{"taxonomy":"category","embeddable":true,"href":"https:\/\/www.o-p-i.fr\/parlonsen\/wp-json\/wp\/v2\/categories?post=65984"},{"taxonomy":"post_tag","embeddable":true,"href":"https:\/\/www.o-p-i.fr\/parlonsen\/wp-json\/wp\/v2\/tags?post=65984"}],"curies":[{"name":"wp","href":"https:\/\/api.w.org\/{rel}","templated":true}]}}