{"id":65988,"date":"2025-08-09T18:10:37","date_gmt":"2025-08-09T16:10:37","guid":{"rendered":"https:\/\/www.o-p-i.fr\/parlonsen\/?p=65988"},"modified":"2025-08-20T13:56:14","modified_gmt":"2025-08-20T11:56:14","slug":"samedi-23-et-dimanche-24-aout-2025-a-espinas-82","status":"publish","type":"post","link":"https:\/\/www.o-p-i.fr\/parlonsen\/parlons-en\/loisirs\/samedi-23-et-dimanche-24-aout-2025-a-espinas-82\/","title":{"rendered":"Samedi 23 et dimanche 24 ao\u00fbt 2025 &#8230; \u00e0 Espinas (82)"},"content":{"rendered":"<p><strong>Samedi 23 et dimanche 24 ao\u00fbt 2025<\/strong><\/p>\n<p><!--more--><\/p>\n<h2><img data-recalc-dims=\"1\" loading=\"lazy\" decoding=\"async\" class=\" wp-image-65989 alignright\" src=\"https:\/\/i0.wp.com\/www.o-p-i.fr\/parlonsen\/wp-content\/uploads\/2025-Fenaisons-ancienne-Espinas-212x300.png?resize=360%2C509&#038;ssl=1\" alt=\"\" width=\"360\" height=\"509\" srcset=\"https:\/\/i0.wp.com\/www.o-p-i.fr\/parlonsen\/wp-content\/uploads\/2025-Fenaisons-ancienne-Espinas.png?resize=212%2C300&amp;ssl=1 212w, https:\/\/i0.wp.com\/www.o-p-i.fr\/parlonsen\/wp-content\/uploads\/2025-Fenaisons-ancienne-Espinas.png?resize=724%2C1024&amp;ssl=1 724w, https:\/\/i0.wp.com\/www.o-p-i.fr\/parlonsen\/wp-content\/uploads\/2025-Fenaisons-ancienne-Espinas.png?resize=768%2C1086&amp;ssl=1 768w, https:\/\/i0.wp.com\/www.o-p-i.fr\/parlonsen\/wp-content\/uploads\/2025-Fenaisons-ancienne-Espinas.png?resize=1086%2C1536&amp;ssl=1 1086w, https:\/\/i0.wp.com\/www.o-p-i.fr\/parlonsen\/wp-content\/uploads\/2025-Fenaisons-ancienne-Espinas.png?w=1414&amp;ssl=1 1414w\" sizes=\"auto, (max-width: 360px) 100vw, 360px\" \/>Fenaisons \u00e0 l&rsquo;ancienne \u00e0 Espinas<\/h2>\n<p>Samedi 23 ao\u00fbt : Repas aligot saucisse<\/p>\n<p>Dimanche 24 ao\u00fbt : Messe, ap\u00e9ritif, fenaisons \u00e0 l&rsquo;ancienne, repas<\/p>\n<p>Tarif unique<br \/>\nEntr\u00e9e libre<\/p>\n<p>Voir d\u00e9tail complet sur notre page Facebook<\/p>\n<h3>Adresse de l&rsquo;\u00e9v\u00e8nement<\/h3>\n<p>Le bourg 82160 ESPINAS<\/p>\n<h3>Organisateur de l&rsquo;\u00e9n\u00e8vement<\/h3>\n<p>Comite des F\u00eates d\u2019Espinas<\/p>\n<h3>Personne \/ Organisation \u00e0 contacter :<\/h3>\n<p>Mairie d&rsquo;Espinas<\/p>\n<h3>Courriel<\/h3>\n<p>lapetitelarrive@gmail.com<\/p>\n<p><em>Information transmise par Charg\u00e9 officiel de la communication de l&rsquo;\u00e9v\u00e8nement<\/em><\/p>\n","protected":false},"excerpt":{"rendered":"<div class=\"mh-excerpt\">Samedi 23 et dimanche 24 ao\u00fbt 2025<\/div>\n","protected":false},"author":9,"featured_media":65989,"comment_status":"open","ping_status":"open","sticky":false,"template":"","format":"standard","meta":{"om_disable_all_campaigns":false,"advanced_seo_description":"","jetpack_seo_html_title":"","jetpack_seo_noindex":false,"_jetpack_memberships_contains_paid_content":false,"footnotes":"","_links_to":"","_links_to_target":""},"categories":[6463,54,6375],"tags":[2384,6468],"class_list":{"0":"post-65988","1":"post","2":"type-post","3":"status-publish","4":"format-standard","5":"has-post-thumbnail","7":"category-espinas","8":"category-loisirs","9":"category-n233-aout-2025","10":"tag-fenaison-a-lancienne","11":"tag-s3425"},"jetpack_featured_media_url":"https:\/\/i0.wp.com\/www.o-p-i.fr\/parlonsen\/wp-content\/uploads\/2025-Fenaisons-ancienne-Espinas.png?fit=1414%2C2000&ssl=1","views":"","jetpack_likes_enabled":true,"jetpack_sharing_enabled":true,"jetpack_shortlink":"https:\/\/wp.me\/pg7Wxj-hak","jetpack-related-posts":[],"_links":{"self":[{"href":"https:\/\/www.o-p-i.fr\/parlonsen\/wp-json\/wp\/v2\/posts\/65988","targetHints":{"allow":["GET"]}}],"collection":[{"href":"https:\/\/www.o-p-i.fr\/parlonsen\/wp-json\/wp\/v2\/posts"}],"about":[{"href":"https:\/\/www.o-p-i.fr\/parlonsen\/wp-json\/wp\/v2\/types\/post"}],"author":[{"embeddable":true,"href":"https:\/\/www.o-p-i.fr\/parlonsen\/wp-json\/wp\/v2\/users\/9"}],"replies":[{"embeddable":true,"href":"https:\/\/www.o-p-i.fr\/parlonsen\/wp-json\/wp\/v2\/comments?post=65988"}],"version-history":[{"count":0,"href":"https:\/\/www.o-p-i.fr\/parlonsen\/wp-json\/wp\/v2\/posts\/65988\/revisions"}],"wp:featuredmedia":[{"embeddable":true,"href":"https:\/\/www.o-p-i.fr\/parlonsen\/wp-json\/wp\/v2\/media\/65989"}],"wp:attachment":[{"href":"https:\/\/www.o-p-i.fr\/parlonsen\/wp-json\/wp\/v2\/media?parent=65988"}],"wp:term":[{"taxonomy":"category","embeddable":true,"href":"https:\/\/www.o-p-i.fr\/parlonsen\/wp-json\/wp\/v2\/categories?post=65988"},{"taxonomy":"post_tag","embeddable":true,"href":"https:\/\/www.o-p-i.fr\/parlonsen\/wp-json\/wp\/v2\/tags?post=65988"}],"curies":[{"name":"wp","href":"https:\/\/api.w.org\/{rel}","templated":true}]}}